{"id":1200,"date":"2019-12-04T20:16:13","date_gmt":"2019-12-04T20:16:13","guid":{"rendered":"https:\/\/przedszkole12nowasol.pl\/?p=1200"},"modified":"2019-12-04T20:16:13","modified_gmt":"2019-12-04T20:16:13","slug":"dzien-pluszowego-misia-2","status":"publish","type":"post","link":"https:\/\/przedszkole12nowasol.pl\/?p=1200","title":{"rendered":"Dzie\u0144 Pluszowego Misia"},"content":{"rendered":"<p><img fetchpriority=\"high\" decoding=\"async\" class=\"alignnone size-full wp-image-1201\" src=\"https:\/\/przedszkole12nowasol.pl\/wp-content\/uploads\/2019\/12\/78306303_490210055174475_8852280913950670848_n.jpg\" alt=\"\" width=\"960\" height=\"719\" srcset=\"https:\/\/przedszkole12nowasol.pl\/wp-content\/uploads\/2019\/12\/78306303_490210055174475_8852280913950670848_n.jpg 960w, https:\/\/przedszkole12nowasol.pl\/wp-content\/uploads\/2019\/12\/78306303_490210055174475_8852280913950670848_n-300x225.jpg 300w, https:\/\/przedszkole12nowasol.pl\/wp-content\/uploads\/2019\/12\/78306303_490210055174475_8852280913950670848_n-768x575.jpg 768w, https:\/\/przedszkole12nowasol.pl\/wp-content\/uploads\/2019\/12\/78306303_490210055174475_8852280913950670848_n-401x300.jpg 401w\" sizes=\"(max-width: 960px) 100vw, 960px\" \/><\/p>\n<p style=\"text-align: center;\"><span style=\"font-size: 14pt;\">25 listopada obchodzili\u015bmy <span style=\"color: #993300;\"><strong>Dzie\u0144 Pluszowego Misia<\/strong><\/span>. Zgodnie z naszym przedszkolnym zwyczajem w tym dniu ka\u017cdemu dziecku towarzyszy\u0142a jego ulubiona maskotka. Wsp\u00f3lne zabawy odbywa\u0142y si\u0119 z udzia\u0142em pluszowych przyjaci\u00f3\u0142. Wraz z nimi ta\u0144czyli\u015bmy w rytm dzieci\u0119cych piosenek. Mi\u015b sta\u0142 si\u0119 g\u0142\u00f3wnym bohaterem wykonywanych przez przedszkolaki prac plastycznych. Cz\u0119\u015b\u0107 grup tworzy\u0142a \u201eMisiowe regulaminy ma\u0142ych czytelnik\u00f3w\u201d b\u0119d\u0105cych cz\u0119\u015bci\u0105 projektu \u201eMa\u0142y Mi\u015b w \u015bwiecie wielkiej literatury\u201d. Ponadto w tym dniu dzieci s\u0142ucha\u0142y bajek i opowiada\u0144 oczywi\u015bcie \u2013 o misiach i nied\u017awiadkach. Drugie \u015bniadanie \u2013 niespodzianka tak\u017ce okaza\u0142o si\u0119 by\u0107 w stu procentach zmisiowane, co powi\u0119kszy\u0142o tylko u\u015bmiechy na buziach Przyjaci\u00f3\u0142 Pluszowego Misia.<\/span><\/p>\n<p><span style=\"color: #993300; font-size: 14pt;\"><strong>Zapraszamy do obejrzenia zdj\u0119\u0107 w galerii w linku poni\u017cej:<\/strong><\/span><\/p>\n<p><a href=\"https:\/\/photos.app.goo.gl\/efvx3sgGjCkyaq6p9\">https:\/\/photos.app.goo.gl\/efvx3sgGjCkyaq6p9<\/a><\/p>\n<p>&nbsp;<\/p>\n","protected":false},"excerpt":{"rendered":"<p>25 listopada obchodzili\u015bmy Dzie\u0144 Pluszowego Misia. Zgodnie z naszym przedszkolnym zwyczajem w tym dniu ka\u017cdemu dziecku towarzyszy\u0142a jego ulubiona maskotka. Wsp\u00f3lne zabawy odbywa\u0142y si\u0119 z udzia\u0142em pluszowych przyjaci\u00f3\u0142. Wraz z nimi ta\u0144czyli\u015bmy w rytm dzieci\u0119cych piosenek. Mi\u015b sta\u0142 si\u0119 g\u0142\u00f3wnym bohaterem wykonywanych przez przedszkolaki prac plastycznych. Cz\u0119\u015b\u0107 grup tworzy\u0142a \u201eMisiowe &hellip;<\/p>\n","protected":false},"author":1,"featured_media":0,"comment_status":"closed","ping_status":"open","sticky":false,"template":"","format":"standard","meta":{"footnotes":""},"categories":[17],"tags":[],"class_list":["post-1200","post","type-post","status-publish","format-standard","hentry","category-aktualnosci"],"_links":{"self":[{"href":"https:\/\/przedszkole12nowasol.pl\/index.php?rest_route=\/wp\/v2\/posts\/1200","targetHints":{"allow":["GET"]}}],"collection":[{"href":"https:\/\/przedszkole12nowasol.pl\/index.php?rest_route=\/wp\/v2\/posts"}],"about":[{"href":"https:\/\/przedszkole12nowasol.pl\/index.php?rest_route=\/wp\/v2\/types\/post"}],"author":[{"embeddable":true,"href":"https:\/\/przedszkole12nowasol.pl\/index.php?rest_route=\/wp\/v2\/users\/1"}],"replies":[{"embeddable":true,"href":"https:\/\/przedszkole12nowasol.pl\/index.php?rest_route=%2Fwp%2Fv2%2Fcomments&post=1200"}],"version-history":[{"count":1,"href":"https:\/\/przedszkole12nowasol.pl\/index.php?rest_route=\/wp\/v2\/posts\/1200\/revisions"}],"predecessor-version":[{"id":1202,"href":"https:\/\/przedszkole12nowasol.pl\/index.php?rest_route=\/wp\/v2\/posts\/1200\/revisions\/1202"}],"wp:attachment":[{"href":"https:\/\/przedszkole12nowasol.pl\/index.php?rest_route=%2Fwp%2Fv2%2Fmedia&parent=1200"}],"wp:term":[{"taxonomy":"category","embeddable":true,"href":"https:\/\/przedszkole12nowasol.pl\/index.php?rest_route=%2Fwp%2Fv2%2Fcategories&post=1200"},{"taxonomy":"post_tag","embeddable":true,"href":"https:\/\/przedszkole12nowasol.pl\/index.php?rest_route=%2Fwp%2Fv2%2Ftags&post=1200"}],"curies":[{"name":"wp","href":"https:\/\/api.w.org\/{rel}","templated":true}]}}