{"id":1226,"date":"2019-12-11T15:02:44","date_gmt":"2019-12-11T15:02:44","guid":{"rendered":"https:\/\/przedszkole12nowasol.pl\/?p=1226"},"modified":"2019-12-11T15:02:44","modified_gmt":"2019-12-11T15:02:44","slug":"mikolajki-2","status":"publish","type":"post","link":"https:\/\/przedszkole12nowasol.pl\/?p=1226","title":{"rendered":"Miko\u0142ajki"},"content":{"rendered":"<p><img fetchpriority=\"high\" decoding=\"async\" class=\"alignnone size-full wp-image-1227\" src=\"https:\/\/przedszkole12nowasol.pl\/wp-content\/uploads\/2019\/12\/DSC0389-1.jpg\" alt=\"\" width=\"6016\" height=\"4000\" srcset=\"https:\/\/przedszkole12nowasol.pl\/wp-content\/uploads\/2019\/12\/DSC0389-1.jpg 6016w, https:\/\/przedszkole12nowasol.pl\/wp-content\/uploads\/2019\/12\/DSC0389-1-300x199.jpg 300w, https:\/\/przedszkole12nowasol.pl\/wp-content\/uploads\/2019\/12\/DSC0389-1-768x511.jpg 768w, https:\/\/przedszkole12nowasol.pl\/wp-content\/uploads\/2019\/12\/DSC0389-1-1024x681.jpg 1024w, https:\/\/przedszkole12nowasol.pl\/wp-content\/uploads\/2019\/12\/DSC0389-1-451x300.jpg 451w\" sizes=\"(max-width: 6016px) 100vw, 6016px\" \/><\/p>\n<p style=\"text-align: center;\"><span style=\"font-size: 14pt; color: #ff0000;\">\u201eSz\u00f3stego grudnia \u2013 jak dobrze wiecie,<\/span><\/p>\n<p style=\"text-align: center;\"><span style=\"font-size: 14pt; color: #ff0000;\">\u015awi\u0119ty Miko\u0142aj chodzi po \u015bwiecie.<\/span><\/p>\n<p style=\"text-align: center;\"><span style=\"font-size: 14pt; color: #ff0000;\">D\u017awiga sw\u00f3j worek niezmordowanie.<\/span><\/p>\n<p style=\"text-align: center;\"><span style=\"font-size: 14pt; color: #ff0000;\">I ka\u017cde dziecko prezent dostanie.\u201d<\/span><\/p>\n<p style=\"text-align: center;\"><span style=\"font-size: 14pt; color: #ff0000;\">***<\/span><\/p>\n<p><span style=\"font-size: 14pt;\">Tego grudniowego dnia r\u00f3wnie\u017c do naszego przedszkola zawita\u0142 najbardziej wyczekiwany przez wszystkie dzieci go\u015b\u0107. Przedszkolaki przywita\u0142y go serdecznie kr\u00f3tkim wyst\u0119pem artystycznym \u2013 ka\u017cda grupa przygotowa\u0142a piosenk\u0119, kt\u00f3r\u0105 za\u015bpiewa\u0142a dla tego najwa\u017cniejszego przybysza. Pe\u0142ne humoru, a czasem i powa\u017cne rozmowy z Miko\u0142ajem umila\u0142y wsp\u00f3lne chwile oraz by\u0142y \u017ar\u00f3d\u0142em informacji o naszym go\u015bciu i jego zwyczajach. Po ogrzaniu Miko\u0142aja dzieci\u0119cym u\u015bciskiem, ka\u017cdy przedszkolak otrzyma\u0142 d\u0142ugo wyczekiwany prezent. By\u0142 to dla nas wspania\u0142y czas pe\u0142en rado\u015bci, kt\u00f3rego d\u0142ugo nie zapomnimy.<\/span><\/p>\n<p style=\"text-align: center;\"><span style=\"font-size: 14pt; color: #ff0000;\"><strong>Miko\u0142aju, do zobaczenia za rok!<\/strong><\/span><\/p>\n<p><span style=\"font-size: 14pt;\"><strong>Zapraszamy do obejrzenia zdj\u0119\u0107 w galerii w linku poni\u017cej :<\/strong><\/span><\/p>\n<p><a href=\"https:\/\/photos.app.goo.gl\/NJxHmzHp8JQ93bZk9\">https:\/\/photos.app.goo.gl\/NJxHmzHp8JQ93bZk9<\/a><\/p>\n","protected":false},"excerpt":{"rendered":"<p>\u201eSz\u00f3stego grudnia \u2013 jak dobrze wiecie, \u015awi\u0119ty Miko\u0142aj chodzi po \u015bwiecie. D\u017awiga sw\u00f3j worek niezmordowanie. I ka\u017cde dziecko prezent dostanie.\u201d *** Tego grudniowego dnia r\u00f3wnie\u017c do naszego przedszkola zawita\u0142 najbardziej wyczekiwany przez wszystkie dzieci go\u015b\u0107. Przedszkolaki przywita\u0142y go serdecznie kr\u00f3tkim wyst\u0119pem artystycznym \u2013 ka\u017cda grupa przygotowa\u0142a piosenk\u0119, kt\u00f3r\u0105 za\u015bpiewa\u0142a dla &hellip;<\/p>\n","protected":false},"author":1,"featured_media":0,"comment_status":"closed","ping_status":"open","sticky":false,"template":"","format":"standard","meta":{"footnotes":""},"categories":[17],"tags":[],"class_list":["post-1226","post","type-post","status-publish","format-standard","hentry","category-aktualnosci"],"_links":{"self":[{"href":"https:\/\/przedszkole12nowasol.pl\/index.php?rest_route=\/wp\/v2\/posts\/1226","targetHints":{"allow":["GET"]}}],"collection":[{"href":"https:\/\/przedszkole12nowasol.pl\/index.php?rest_route=\/wp\/v2\/posts"}],"about":[{"href":"https:\/\/przedszkole12nowasol.pl\/index.php?rest_route=\/wp\/v2\/types\/post"}],"author":[{"embeddable":true,"href":"https:\/\/przedszkole12nowasol.pl\/index.php?rest_route=\/wp\/v2\/users\/1"}],"replies":[{"embeddable":true,"href":"https:\/\/przedszkole12nowasol.pl\/index.php?rest_route=%2Fwp%2Fv2%2Fcomments&post=1226"}],"version-history":[{"count":1,"href":"https:\/\/przedszkole12nowasol.pl\/index.php?rest_route=\/wp\/v2\/posts\/1226\/revisions"}],"predecessor-version":[{"id":1228,"href":"https:\/\/przedszkole12nowasol.pl\/index.php?rest_route=\/wp\/v2\/posts\/1226\/revisions\/1228"}],"wp:attachment":[{"href":"https:\/\/przedszkole12nowasol.pl\/index.php?rest_route=%2Fwp%2Fv2%2Fmedia&parent=1226"}],"wp:term":[{"taxonomy":"category","embeddable":true,"href":"https:\/\/przedszkole12nowasol.pl\/index.php?rest_route=%2Fwp%2Fv2%2Fcategories&post=1226"},{"taxonomy":"post_tag","embeddable":true,"href":"https:\/\/przedszkole12nowasol.pl\/index.php?rest_route=%2Fwp%2Fv2%2Ftags&post=1226"}],"curies":[{"name":"wp","href":"https:\/\/api.w.org\/{rel}","templated":true}]}}