{"id":2608,"date":"2021-10-30T08:10:55","date_gmt":"2021-10-30T08:10:55","guid":{"rendered":"https:\/\/przedszkole12nowasol.pl\/?p=2608"},"modified":"2021-10-30T08:10:55","modified_gmt":"2021-10-30T08:10:55","slug":"zajecia-przyrodnicze-w-arboretum","status":"publish","type":"post","link":"https:\/\/przedszkole12nowasol.pl\/?p=2608","title":{"rendered":"Zaj\u0119cia przyrodnicze w arboretum"},"content":{"rendered":"<p><img fetchpriority=\"high\" decoding=\"async\" class=\"alignnone size-full wp-image-2609\" src=\"https:\/\/przedszkole12nowasol.pl\/wp-content\/uploads\/2021\/10\/248499259_301452611565974_6770686869646660985_n.jpg\" alt=\"\" width=\"2048\" height=\"1536\" srcset=\"https:\/\/przedszkole12nowasol.pl\/wp-content\/uploads\/2021\/10\/248499259_301452611565974_6770686869646660985_n.jpg 2048w, https:\/\/przedszkole12nowasol.pl\/wp-content\/uploads\/2021\/10\/248499259_301452611565974_6770686869646660985_n-300x225.jpg 300w, https:\/\/przedszkole12nowasol.pl\/wp-content\/uploads\/2021\/10\/248499259_301452611565974_6770686869646660985_n-768x576.jpg 768w, https:\/\/przedszkole12nowasol.pl\/wp-content\/uploads\/2021\/10\/248499259_301452611565974_6770686869646660985_n-1024x768.jpg 1024w, https:\/\/przedszkole12nowasol.pl\/wp-content\/uploads\/2021\/10\/248499259_301452611565974_6770686869646660985_n-400x300.jpg 400w\" sizes=\"(max-width: 2048px) 100vw, 2048px\" \/><\/p>\n<p><span style=\"font-size: 14pt; color: #000000;\">W pi\u0119kny, jesienny dzie\u0144 grupy starsze wybra\u0142y si\u0119 na autokarow\u0105 wycieczk\u0119 do Nadle\u015bnictwa w Nowej Soli. Spaceruj\u0105c \u015bcie\u017ckami w\u015br\u00f3d drzew i krzew\u00f3w dzieci obserwowa\u0142y przyrod\u0119 o tej bogatej w barwy porze, utrwala\u0142y nazwy znanych ju\u017c drzew li\u015bciastych, iglastych i ich jesiennych dar\u00f3w, uczestniczy\u0142y w drzewoterapii aby wzmocni\u0107 si\u0119 i nape\u0142ni\u0107 energi\u0105 oraz do\u015bwiadcza\u0142y przez dotyk. Przez ca\u0142y czas wycieczki towarzyszy\u0142 dzieciom kot , kt\u00f3ry pewnie mia\u0142 ochot\u0119 na pyszn\u0105 kie\u0142bask\u0119 z ogniska.<\/span><\/p>\n<p><span style=\"font-size: 14pt; color: #000000;\">Zapraszamy do obejrzenia zdj\u0119\u0107 w galerii w linku poni\u017cej:\u00a0<\/span><\/p>\n<p><span style=\"font-size: 14pt;\"><a href=\"https:\/\/photos.app.goo.gl\/pMeQPej3Pr61ycr1A\">https:\/\/photos.app.goo.gl\/pMeQPej3Pr61ycr1A<\/a><\/span><\/p>\n","protected":false},"excerpt":{"rendered":"<p>W pi\u0119kny, jesienny dzie\u0144 grupy starsze wybra\u0142y si\u0119 na autokarow\u0105 wycieczk\u0119 do Nadle\u015bnictwa w Nowej Soli. Spaceruj\u0105c \u015bcie\u017ckami w\u015br\u00f3d drzew i krzew\u00f3w dzieci obserwowa\u0142y przyrod\u0119 o tej bogatej w barwy porze, utrwala\u0142y nazwy znanych ju\u017c drzew li\u015bciastych, iglastych i ich jesiennych dar\u00f3w, uczestniczy\u0142y w drzewoterapii aby wzmocni\u0107 si\u0119 i nape\u0142ni\u0107 &hellip;<\/p>\n","protected":false},"author":1,"featured_media":0,"comment_status":"closed","ping_status":"open","sticky":false,"template":"","format":"standard","meta":{"footnotes":""},"categories":[17],"tags":[],"class_list":["post-2608","post","type-post","status-publish","format-standard","hentry","category-aktualnosci"],"_links":{"self":[{"href":"https:\/\/przedszkole12nowasol.pl\/index.php?rest_route=\/wp\/v2\/posts\/2608","targetHints":{"allow":["GET"]}}],"collection":[{"href":"https:\/\/przedszkole12nowasol.pl\/index.php?rest_route=\/wp\/v2\/posts"}],"about":[{"href":"https:\/\/przedszkole12nowasol.pl\/index.php?rest_route=\/wp\/v2\/types\/post"}],"author":[{"embeddable":true,"href":"https:\/\/przedszkole12nowasol.pl\/index.php?rest_route=\/wp\/v2\/users\/1"}],"replies":[{"embeddable":true,"href":"https:\/\/przedszkole12nowasol.pl\/index.php?rest_route=%2Fwp%2Fv2%2Fcomments&post=2608"}],"version-history":[{"count":1,"href":"https:\/\/przedszkole12nowasol.pl\/index.php?rest_route=\/wp\/v2\/posts\/2608\/revisions"}],"predecessor-version":[{"id":2610,"href":"https:\/\/przedszkole12nowasol.pl\/index.php?rest_route=\/wp\/v2\/posts\/2608\/revisions\/2610"}],"wp:attachment":[{"href":"https:\/\/przedszkole12nowasol.pl\/index.php?rest_route=%2Fwp%2Fv2%2Fmedia&parent=2608"}],"wp:term":[{"taxonomy":"category","embeddable":true,"href":"https:\/\/przedszkole12nowasol.pl\/index.php?rest_route=%2Fwp%2Fv2%2Fcategories&post=2608"},{"taxonomy":"post_tag","embeddable":true,"href":"https:\/\/przedszkole12nowasol.pl\/index.php?rest_route=%2Fwp%2Fv2%2Ftags&post=2608"}],"curies":[{"name":"wp","href":"https:\/\/api.w.org\/{rel}","templated":true}]}}