{"id":2618,"date":"2021-11-02T17:55:43","date_gmt":"2021-11-02T17:55:43","guid":{"rendered":"https:\/\/przedszkole12nowasol.pl\/?p=2618"},"modified":"2021-11-02T17:55:43","modified_gmt":"2021-11-02T17:55:43","slug":"zabawy-kreatywne-z-dynia","status":"publish","type":"post","link":"https:\/\/przedszkole12nowasol.pl\/?p=2618","title":{"rendered":"Zabawy kreatywne z dyni\u0105"},"content":{"rendered":"<p><img fetchpriority=\"high\" decoding=\"async\" class=\"alignnone size-full wp-image-2619\" src=\"https:\/\/przedszkole12nowasol.pl\/wp-content\/uploads\/2021\/11\/IMG-20211029-WA0007.jpg\" alt=\"\" width=\"1600\" height=\"1200\" srcset=\"https:\/\/przedszkole12nowasol.pl\/wp-content\/uploads\/2021\/11\/IMG-20211029-WA0007.jpg 1600w, https:\/\/przedszkole12nowasol.pl\/wp-content\/uploads\/2021\/11\/IMG-20211029-WA0007-300x225.jpg 300w, https:\/\/przedszkole12nowasol.pl\/wp-content\/uploads\/2021\/11\/IMG-20211029-WA0007-768x576.jpg 768w, https:\/\/przedszkole12nowasol.pl\/wp-content\/uploads\/2021\/11\/IMG-20211029-WA0007-1024x768.jpg 1024w, https:\/\/przedszkole12nowasol.pl\/wp-content\/uploads\/2021\/11\/IMG-20211029-WA0007-400x300.jpg 400w\" sizes=\"(max-width: 1600px) 100vw, 1600px\" \/><\/p>\n<p><span style=\"font-size: 14pt; color: #000000;\">W pi\u0105tek 29.10.2021r.\u00a0dzieci z grup \u017babek, Pszcz\u00f3\u0142ek, Biedronek i Gumisi\u00f3w obchodzi\u0142y Dzie\u0144 Dyni. Dzieci bra\u0142y udzia\u0142 w zabawach badawczych. Pozna\u0142y budow\u0119 dyni. Wy\u017c\u0142obi\u0142y mi\u0105\u017csz i pestki oraz bada\u0142y dotykiem dynie (twarda, mi\u0119kka, \u015bliska, mokra itp.). Mi\u0105\u017csz oraz pestki \u015bwietnie stymulowa\u0142y zmys\u0142y przedszkolak\u00f3w. Kulisty kszta\u0142t dyni dzieci wykorzysta\u0142y do turlania i zabaw w dyniowe kr\u0119gle oraz rzutu do celu. Uk\u0142ada\u0142y dzia\u0142ania matematyczne w zakresie 6 i wi\u0119cej, przelicza\u0142y oraz uk\u0142ada\u0142y dynie od najwi\u0119kszej do najmniejszej. Bawi\u0142y si\u0119 przy dyniowych piosenkach oraz tworzy\u0142y kreatywne dynie. Starszaki upiek\u0142y tak\u017ce pyszne ciasto dyniowe.\u00a0<\/span><\/p>\n<p><span style=\"font-size: 14pt; color: #000000;\">Zapraszamy do obejrzenia zdj\u0119\u0107 w galerii w linku poni\u017cej:\u00a0<\/span><\/p>\n<p><span style=\"font-size: 14pt;\"><a href=\"https:\/\/photos.app.goo.gl\/UboohJyQsiTutxAT9\">https:\/\/photos.app.goo.gl\/UboohJyQsiTutxAT9<\/a><\/span><\/p>\n","protected":false},"excerpt":{"rendered":"<p>W pi\u0105tek 29.10.2021r.\u00a0dzieci z grup \u017babek, Pszcz\u00f3\u0142ek, Biedronek i Gumisi\u00f3w obchodzi\u0142y Dzie\u0144 Dyni. Dzieci bra\u0142y udzia\u0142 w zabawach badawczych. Pozna\u0142y budow\u0119 dyni. Wy\u017c\u0142obi\u0142y mi\u0105\u017csz i pestki oraz bada\u0142y dotykiem dynie (twarda, mi\u0119kka, \u015bliska, mokra itp.). Mi\u0105\u017csz oraz pestki \u015bwietnie stymulowa\u0142y zmys\u0142y przedszkolak\u00f3w. Kulisty kszta\u0142t dyni dzieci wykorzysta\u0142y do turlania i &hellip;<\/p>\n","protected":false},"author":1,"featured_media":0,"comment_status":"closed","ping_status":"open","sticky":false,"template":"","format":"standard","meta":{"footnotes":""},"categories":[17],"tags":[],"class_list":["post-2618","post","type-post","status-publish","format-standard","hentry","category-aktualnosci"],"_links":{"self":[{"href":"https:\/\/przedszkole12nowasol.pl\/index.php?rest_route=\/wp\/v2\/posts\/2618","targetHints":{"allow":["GET"]}}],"collection":[{"href":"https:\/\/przedszkole12nowasol.pl\/index.php?rest_route=\/wp\/v2\/posts"}],"about":[{"href":"https:\/\/przedszkole12nowasol.pl\/index.php?rest_route=\/wp\/v2\/types\/post"}],"author":[{"embeddable":true,"href":"https:\/\/przedszkole12nowasol.pl\/index.php?rest_route=\/wp\/v2\/users\/1"}],"replies":[{"embeddable":true,"href":"https:\/\/przedszkole12nowasol.pl\/index.php?rest_route=%2Fwp%2Fv2%2Fcomments&post=2618"}],"version-history":[{"count":1,"href":"https:\/\/przedszkole12nowasol.pl\/index.php?rest_route=\/wp\/v2\/posts\/2618\/revisions"}],"predecessor-version":[{"id":2620,"href":"https:\/\/przedszkole12nowasol.pl\/index.php?rest_route=\/wp\/v2\/posts\/2618\/revisions\/2620"}],"wp:attachment":[{"href":"https:\/\/przedszkole12nowasol.pl\/index.php?rest_route=%2Fwp%2Fv2%2Fmedia&parent=2618"}],"wp:term":[{"taxonomy":"category","embeddable":true,"href":"https:\/\/przedszkole12nowasol.pl\/index.php?rest_route=%2Fwp%2Fv2%2Fcategories&post=2618"},{"taxonomy":"post_tag","embeddable":true,"href":"https:\/\/przedszkole12nowasol.pl\/index.php?rest_route=%2Fwp%2Fv2%2Ftags&post=2618"}],"curies":[{"name":"wp","href":"https:\/\/api.w.org\/{rel}","templated":true}]}}