{"id":2621,"date":"2021-11-02T18:11:32","date_gmt":"2021-11-02T18:11:32","guid":{"rendered":"https:\/\/przedszkole12nowasol.pl\/?p=2621"},"modified":"2021-11-02T18:11:32","modified_gmt":"2021-11-02T18:11:32","slug":"jesienne-prace-w-ogrodzie-przedszkolnym","status":"publish","type":"post","link":"https:\/\/przedszkole12nowasol.pl\/?p=2621","title":{"rendered":"Jesienne prace w ogrodzie przedszkolnym"},"content":{"rendered":"<p><img fetchpriority=\"high\" decoding=\"async\" class=\"alignnone size-full wp-image-2622\" src=\"https:\/\/przedszkole12nowasol.pl\/wp-content\/uploads\/2021\/11\/IMG-20211101-WA0002.jpg\" alt=\"\" width=\"1600\" height=\"1200\" srcset=\"https:\/\/przedszkole12nowasol.pl\/wp-content\/uploads\/2021\/11\/IMG-20211101-WA0002.jpg 1600w, https:\/\/przedszkole12nowasol.pl\/wp-content\/uploads\/2021\/11\/IMG-20211101-WA0002-300x225.jpg 300w, https:\/\/przedszkole12nowasol.pl\/wp-content\/uploads\/2021\/11\/IMG-20211101-WA0002-768x576.jpg 768w, https:\/\/przedszkole12nowasol.pl\/wp-content\/uploads\/2021\/11\/IMG-20211101-WA0002-1024x768.jpg 1024w, https:\/\/przedszkole12nowasol.pl\/wp-content\/uploads\/2021\/11\/IMG-20211101-WA0002-400x300.jpg 400w\" sizes=\"(max-width: 1600px) 100vw, 1600px\" \/><\/p>\n<p><span style=\"font-size: 14pt; color: #000000;\">Korzystaj\u0105c z pi\u0119knej jesiennej pogody dzieci ze wszystkich grup wiekowych wyposa\u017cone w grabie i worki, wraz ze swoimi paniami, wzi\u0119\u0142y udzia\u0142 w sprz\u0105taniu \u00a0przydzielonego terenu przedszkolnego &#8211; grabi\u0142y i zbiera\u0142y li\u015bcie. Bardzo zaanga\u017cowa\u0142y si\u0119 w pomoc panu wo\u017anemu. Dzielne przedszkolaki, wspaniale poradzi\u0142y sobie z zadaniem, maj\u0105c przy tym mas\u0119 rado\u015bci i przyjemno\u015bci. Dzia\u0142ania dzieci rozbudzi\u0142y zainteresowania \u015brodowiskiem przyrodniczym.<\/span><\/p>\n<p><span style=\"font-size: 14pt; color: #000000;\">Zapraszamy do obejrzenia zdj\u0119\u0107 w galerii w linku poni\u017cej:\u00a0<\/span><\/p>\n<p><span style=\"font-size: 14pt;\"><a href=\"https:\/\/photos.app.goo.gl\/TfYqoiCmmym8xsMo8\">https:\/\/photos.app.goo.gl\/TfYqoiCmmym8xsMo8<\/a><\/span><\/p>\n<p>&nbsp;<\/p>\n","protected":false},"excerpt":{"rendered":"<p>Korzystaj\u0105c z pi\u0119knej jesiennej pogody dzieci ze wszystkich grup wiekowych wyposa\u017cone w grabie i worki, wraz ze swoimi paniami, wzi\u0119\u0142y udzia\u0142 w sprz\u0105taniu \u00a0przydzielonego terenu przedszkolnego &#8211; grabi\u0142y i zbiera\u0142y li\u015bcie. Bardzo zaanga\u017cowa\u0142y si\u0119 w pomoc panu wo\u017anemu. Dzielne przedszkolaki, wspaniale poradzi\u0142y sobie z zadaniem, maj\u0105c przy tym mas\u0119 rado\u015bci &hellip;<\/p>\n","protected":false},"author":1,"featured_media":0,"comment_status":"closed","ping_status":"open","sticky":false,"template":"","format":"standard","meta":{"footnotes":""},"categories":[17],"tags":[],"class_list":["post-2621","post","type-post","status-publish","format-standard","hentry","category-aktualnosci"],"_links":{"self":[{"href":"https:\/\/przedszkole12nowasol.pl\/index.php?rest_route=\/wp\/v2\/posts\/2621","targetHints":{"allow":["GET"]}}],"collection":[{"href":"https:\/\/przedszkole12nowasol.pl\/index.php?rest_route=\/wp\/v2\/posts"}],"about":[{"href":"https:\/\/przedszkole12nowasol.pl\/index.php?rest_route=\/wp\/v2\/types\/post"}],"author":[{"embeddable":true,"href":"https:\/\/przedszkole12nowasol.pl\/index.php?rest_route=\/wp\/v2\/users\/1"}],"replies":[{"embeddable":true,"href":"https:\/\/przedszkole12nowasol.pl\/index.php?rest_route=%2Fwp%2Fv2%2Fcomments&post=2621"}],"version-history":[{"count":1,"href":"https:\/\/przedszkole12nowasol.pl\/index.php?rest_route=\/wp\/v2\/posts\/2621\/revisions"}],"predecessor-version":[{"id":2623,"href":"https:\/\/przedszkole12nowasol.pl\/index.php?rest_route=\/wp\/v2\/posts\/2621\/revisions\/2623"}],"wp:attachment":[{"href":"https:\/\/przedszkole12nowasol.pl\/index.php?rest_route=%2Fwp%2Fv2%2Fmedia&parent=2621"}],"wp:term":[{"taxonomy":"category","embeddable":true,"href":"https:\/\/przedszkole12nowasol.pl\/index.php?rest_route=%2Fwp%2Fv2%2Fcategories&post=2621"},{"taxonomy":"post_tag","embeddable":true,"href":"https:\/\/przedszkole12nowasol.pl\/index.php?rest_route=%2Fwp%2Fv2%2Ftags&post=2621"}],"curies":[{"name":"wp","href":"https:\/\/api.w.org\/{rel}","templated":true}]}}