{"id":2630,"date":"2021-11-04T16:49:33","date_gmt":"2021-11-04T16:49:33","guid":{"rendered":"https:\/\/przedszkole12nowasol.pl\/?p=2630"},"modified":"2021-11-04T16:49:33","modified_gmt":"2021-11-04T16:49:33","slug":"zlota-polska-jesien","status":"publish","type":"post","link":"https:\/\/przedszkole12nowasol.pl\/?p=2630","title":{"rendered":"Z\u0142ota polska jesie\u0144"},"content":{"rendered":"<p><img fetchpriority=\"high\" decoding=\"async\" class=\"alignnone size-full wp-image-2631\" src=\"https:\/\/przedszkole12nowasol.pl\/wp-content\/uploads\/2021\/11\/20211104_093617.jpg\" alt=\"\" width=\"4128\" height=\"2322\" srcset=\"https:\/\/przedszkole12nowasol.pl\/wp-content\/uploads\/2021\/11\/20211104_093617.jpg 4128w, https:\/\/przedszkole12nowasol.pl\/wp-content\/uploads\/2021\/11\/20211104_093617-300x169.jpg 300w, https:\/\/przedszkole12nowasol.pl\/wp-content\/uploads\/2021\/11\/20211104_093617-768x432.jpg 768w, https:\/\/przedszkole12nowasol.pl\/wp-content\/uploads\/2021\/11\/20211104_093617-1024x576.jpg 1024w, https:\/\/przedszkole12nowasol.pl\/wp-content\/uploads\/2021\/11\/20211104_093617-533x300.jpg 533w\" sizes=\"(max-width: 4128px) 100vw, 4128px\" \/><\/p>\n<p><span style=\"font-size: 14pt; color: #000000;\">W ramach Og\u00f3lnopolskiego Projektu Edukacyjnego &#8220;Kreatywny przedszkolak &#8211; kreatywne dziecko&#8221; Biedronki wykona\u0142y listopadowe zadanie pt. &#8220;Z\u0142ota polska jesie\u0144&#8221;. 3-latki najpierw wybra\u0142y si\u0119 do ogrodu przedszkolnego w celu znalezienia dar\u00f3w jesieni &#8211; zbiera\u0142y kolorowe li\u015bcie, \u017co\u0142\u0119dzie, szyszki. Nast\u0119pnie przyst\u0105pi\u0142y do projektowania stroju Pani Jesieni. Tak powsta\u0142a nasza z\u0142ota polska jesie\u0144.\u00a0<\/span><\/p>\n<p><span style=\"font-size: 14pt; color: #000000;\">Zapraszamy do obejrzenia zdj\u0119\u0107 w galerii w linku poni\u017cej:\u00a0<\/span><\/p>\n<p><span style=\"font-size: 14pt;\"><a href=\"https:\/\/photos.app.goo.gl\/qyfkWZD2zYrctXPt5\">https:\/\/photos.app.goo.gl\/qyfkWZD2zYrctXPt5<\/a><\/span><\/p>\n","protected":false},"excerpt":{"rendered":"<p>W ramach Og\u00f3lnopolskiego Projektu Edukacyjnego &#8220;Kreatywny przedszkolak &#8211; kreatywne dziecko&#8221; Biedronki wykona\u0142y listopadowe zadanie pt. &#8220;Z\u0142ota polska jesie\u0144&#8221;. 3-latki najpierw wybra\u0142y si\u0119 do ogrodu przedszkolnego w celu znalezienia dar\u00f3w jesieni &#8211; zbiera\u0142y kolorowe li\u015bcie, \u017co\u0142\u0119dzie, szyszki. Nast\u0119pnie przyst\u0105pi\u0142y do projektowania stroju Pani Jesieni. Tak powsta\u0142a nasza z\u0142ota polska jesie\u0144.\u00a0 Zapraszamy &hellip;<\/p>\n","protected":false},"author":1,"featured_media":0,"comment_status":"closed","ping_status":"open","sticky":false,"template":"","format":"standard","meta":{"footnotes":""},"categories":[17],"tags":[],"class_list":["post-2630","post","type-post","status-publish","format-standard","hentry","category-aktualnosci"],"_links":{"self":[{"href":"https:\/\/przedszkole12nowasol.pl\/index.php?rest_route=\/wp\/v2\/posts\/2630","targetHints":{"allow":["GET"]}}],"collection":[{"href":"https:\/\/przedszkole12nowasol.pl\/index.php?rest_route=\/wp\/v2\/posts"}],"about":[{"href":"https:\/\/przedszkole12nowasol.pl\/index.php?rest_route=\/wp\/v2\/types\/post"}],"author":[{"embeddable":true,"href":"https:\/\/przedszkole12nowasol.pl\/index.php?rest_route=\/wp\/v2\/users\/1"}],"replies":[{"embeddable":true,"href":"https:\/\/przedszkole12nowasol.pl\/index.php?rest_route=%2Fwp%2Fv2%2Fcomments&post=2630"}],"version-history":[{"count":1,"href":"https:\/\/przedszkole12nowasol.pl\/index.php?rest_route=\/wp\/v2\/posts\/2630\/revisions"}],"predecessor-version":[{"id":2632,"href":"https:\/\/przedszkole12nowasol.pl\/index.php?rest_route=\/wp\/v2\/posts\/2630\/revisions\/2632"}],"wp:attachment":[{"href":"https:\/\/przedszkole12nowasol.pl\/index.php?rest_route=%2Fwp%2Fv2%2Fmedia&parent=2630"}],"wp:term":[{"taxonomy":"category","embeddable":true,"href":"https:\/\/przedszkole12nowasol.pl\/index.php?rest_route=%2Fwp%2Fv2%2Fcategories&post=2630"},{"taxonomy":"post_tag","embeddable":true,"href":"https:\/\/przedszkole12nowasol.pl\/index.php?rest_route=%2Fwp%2Fv2%2Ftags&post=2630"}],"curies":[{"name":"wp","href":"https:\/\/api.w.org\/{rel}","templated":true}]}}