{"id":2633,"date":"2021-11-05T09:24:34","date_gmt":"2021-11-05T09:24:34","guid":{"rendered":"https:\/\/przedszkole12nowasol.pl\/?p=2633"},"modified":"2021-11-05T09:24:34","modified_gmt":"2021-11-05T09:24:34","slug":"pilne","status":"publish","type":"post","link":"https:\/\/przedszkole12nowasol.pl\/?p=2633","title":{"rendered":"PILNE"},"content":{"rendered":"<p><img fetchpriority=\"high\" decoding=\"async\" class=\"alignnone size-full wp-image-2634\" src=\"https:\/\/przedszkole12nowasol.pl\/wp-content\/uploads\/2021\/11\/PILNE.jpg\" alt=\"\" width=\"2000\" height=\"1414\" srcset=\"https:\/\/przedszkole12nowasol.pl\/wp-content\/uploads\/2021\/11\/PILNE.jpg 2000w, https:\/\/przedszkole12nowasol.pl\/wp-content\/uploads\/2021\/11\/PILNE-300x212.jpg 300w, https:\/\/przedszkole12nowasol.pl\/wp-content\/uploads\/2021\/11\/PILNE-768x543.jpg 768w, https:\/\/przedszkole12nowasol.pl\/wp-content\/uploads\/2021\/11\/PILNE-1024x724.jpg 1024w, https:\/\/przedszkole12nowasol.pl\/wp-content\/uploads\/2021\/11\/PILNE-424x300.jpg 424w\" sizes=\"(max-width: 2000px) 100vw, 2000px\" \/><\/p>\n<p><span style=\"font-size: 18pt; color: #000000;\">Rodzice dzieci, kt\u00f3rzy nie ucz\u0119szczaj\u0105 do przedszkola a chcieliby skorzysta\u0107 z dy\u017curu w dniu 12.11.2021r. proszeni s\u0105 o pilne zapisanie dziecka <strong>najp\u00f3\u017aniej do dnia 9.11.2021r. do godziny 15:00<\/strong> w celu ustalenia dy\u017curu.<br \/>\n<strong>Telefonicznie pod numerem 68 470 70 37 lub u wychowawcy.\u00a0<\/strong><\/span><\/p>\n","protected":false},"excerpt":{"rendered":"<p>Rodzice dzieci, kt\u00f3rzy nie ucz\u0119szczaj\u0105 do przedszkola a chcieliby skorzysta\u0107 z dy\u017curu w dniu 12.11.2021r. proszeni s\u0105 o pilne zapisanie dziecka najp\u00f3\u017aniej do dnia 9.11.2021r. do godziny 15:00 w celu ustalenia dy\u017curu. Telefonicznie pod numerem 68 470 70 37 lub u wychowawcy.\u00a0<\/p>\n","protected":false},"author":1,"featured_media":0,"comment_status":"closed","ping_status":"open","sticky":false,"template":"","format":"standard","meta":{"footnotes":""},"categories":[17],"tags":[],"class_list":["post-2633","post","type-post","status-publish","format-standard","hentry","category-aktualnosci"],"_links":{"self":[{"href":"https:\/\/przedszkole12nowasol.pl\/index.php?rest_route=\/wp\/v2\/posts\/2633","targetHints":{"allow":["GET"]}}],"collection":[{"href":"https:\/\/przedszkole12nowasol.pl\/index.php?rest_route=\/wp\/v2\/posts"}],"about":[{"href":"https:\/\/przedszkole12nowasol.pl\/index.php?rest_route=\/wp\/v2\/types\/post"}],"author":[{"embeddable":true,"href":"https:\/\/przedszkole12nowasol.pl\/index.php?rest_route=\/wp\/v2\/users\/1"}],"replies":[{"embeddable":true,"href":"https:\/\/przedszkole12nowasol.pl\/index.php?rest_route=%2Fwp%2Fv2%2Fcomments&post=2633"}],"version-history":[{"count":1,"href":"https:\/\/przedszkole12nowasol.pl\/index.php?rest_route=\/wp\/v2\/posts\/2633\/revisions"}],"predecessor-version":[{"id":2635,"href":"https:\/\/przedszkole12nowasol.pl\/index.php?rest_route=\/wp\/v2\/posts\/2633\/revisions\/2635"}],"wp:attachment":[{"href":"https:\/\/przedszkole12nowasol.pl\/index.php?rest_route=%2Fwp%2Fv2%2Fmedia&parent=2633"}],"wp:term":[{"taxonomy":"category","embeddable":true,"href":"https:\/\/przedszkole12nowasol.pl\/index.php?rest_route=%2Fwp%2Fv2%2Fcategories&post=2633"},{"taxonomy":"post_tag","embeddable":true,"href":"https:\/\/przedszkole12nowasol.pl\/index.php?rest_route=%2Fwp%2Fv2%2Ftags&post=2633"}],"curies":[{"name":"wp","href":"https:\/\/api.w.org\/{rel}","templated":true}]}}