{"id":2639,"date":"2021-11-12T13:01:40","date_gmt":"2021-11-12T13:01:40","guid":{"rendered":"https:\/\/przedszkole12nowasol.pl\/?p=2639"},"modified":"2021-11-12T13:01:40","modified_gmt":"2021-11-12T13:01:40","slug":"edukacja-przez-zabawe-mini-ognik","status":"publish","type":"post","link":"https:\/\/przedszkole12nowasol.pl\/?p=2639","title":{"rendered":"Edukacja przez zabaw\u0119 &#8211; &#8220;Mini Ognik&#8221;"},"content":{"rendered":"<p><img fetchpriority=\"high\" decoding=\"async\" class=\"alignnone size-full wp-image-2640\" src=\"https:\/\/przedszkole12nowasol.pl\/wp-content\/uploads\/2021\/11\/DSC1560.jpg\" alt=\"\" width=\"3216\" height=\"2136\" srcset=\"https:\/\/przedszkole12nowasol.pl\/wp-content\/uploads\/2021\/11\/DSC1560.jpg 3216w, https:\/\/przedszkole12nowasol.pl\/wp-content\/uploads\/2021\/11\/DSC1560-300x199.jpg 300w, https:\/\/przedszkole12nowasol.pl\/wp-content\/uploads\/2021\/11\/DSC1560-768x510.jpg 768w, https:\/\/przedszkole12nowasol.pl\/wp-content\/uploads\/2021\/11\/DSC1560-1024x680.jpg 1024w, https:\/\/przedszkole12nowasol.pl\/wp-content\/uploads\/2021\/11\/DSC1560-452x300.jpg 452w\" sizes=\"(max-width: 3216px) 100vw, 3216px\" \/><\/p>\n<p><span style=\"font-size: 14pt; color: #000000;\">Starsze grupy wiekowe Gumisie, Krasnoludki i \u017babki wybra\u0142y si\u0119 na wycieczk\u0119 do Komendy Powiatowej Pa\u0144stwowej Stra\u017cy Po\u017carnej w Nowej Soli. W zabawach odgrywa\u0142y rol\u0119 stra\u017cak\u00f3w ratuj\u0105c dziewczynk\u0119 z p\u0142on\u0105cego pomieszczenia, jecha\u0142y wozem stra\u017cackim do p\u0142on\u0105cego domu i rozwija\u0142y w\u0105\u017c, aby ugasi\u0107 po\u017car. Dowiedzia\u0142y si\u0119 jakie mog\u0105 by\u0107 przyczyny powstania po\u017caru, jak post\u0119powa\u0107, aby go unikn\u0105\u0107. Uczy\u0142y si\u0119, jak zachowa\u0107 si\u0119 w razie po\u017caru, a tak\u017ce jak prawid\u0142owo powiadomi\u0107 s\u0142u\u017cby ratownicze podczas ro\u017cnego rodzaju zdarze\u0144. Pozna\u0142y specyfik\u0119 pracy stra\u017cak\u00f3w oraz ich sprz\u0119t.<\/span><\/p>\n<p><span style=\"font-size: 14pt; color: #000000;\">Zapraszamy do obejrzenia zdj\u0119\u0107 w galerii w linku poni\u017cej:\u00a0<\/span><\/p>\n<p><span style=\"font-size: 14pt;\"><a href=\"https:\/\/photos.app.goo.gl\/wQYQD4CXKma3arBSA\">https:\/\/photos.app.goo.gl\/wQYQD4CXKma3arBSA<\/a><\/span><\/p>\n","protected":false},"excerpt":{"rendered":"<p>Starsze grupy wiekowe Gumisie, Krasnoludki i \u017babki wybra\u0142y si\u0119 na wycieczk\u0119 do Komendy Powiatowej Pa\u0144stwowej Stra\u017cy Po\u017carnej w Nowej Soli. W zabawach odgrywa\u0142y rol\u0119 stra\u017cak\u00f3w ratuj\u0105c dziewczynk\u0119 z p\u0142on\u0105cego pomieszczenia, jecha\u0142y wozem stra\u017cackim do p\u0142on\u0105cego domu i rozwija\u0142y w\u0105\u017c, aby ugasi\u0107 po\u017car. Dowiedzia\u0142y si\u0119 jakie mog\u0105 by\u0107 przyczyny powstania po\u017caru, &hellip;<\/p>\n","protected":false},"author":1,"featured_media":0,"comment_status":"closed","ping_status":"open","sticky":false,"template":"","format":"standard","meta":{"footnotes":""},"categories":[17],"tags":[],"class_list":["post-2639","post","type-post","status-publish","format-standard","hentry","category-aktualnosci"],"_links":{"self":[{"href":"https:\/\/przedszkole12nowasol.pl\/index.php?rest_route=\/wp\/v2\/posts\/2639","targetHints":{"allow":["GET"]}}],"collection":[{"href":"https:\/\/przedszkole12nowasol.pl\/index.php?rest_route=\/wp\/v2\/posts"}],"about":[{"href":"https:\/\/przedszkole12nowasol.pl\/index.php?rest_route=\/wp\/v2\/types\/post"}],"author":[{"embeddable":true,"href":"https:\/\/przedszkole12nowasol.pl\/index.php?rest_route=\/wp\/v2\/users\/1"}],"replies":[{"embeddable":true,"href":"https:\/\/przedszkole12nowasol.pl\/index.php?rest_route=%2Fwp%2Fv2%2Fcomments&post=2639"}],"version-history":[{"count":1,"href":"https:\/\/przedszkole12nowasol.pl\/index.php?rest_route=\/wp\/v2\/posts\/2639\/revisions"}],"predecessor-version":[{"id":2641,"href":"https:\/\/przedszkole12nowasol.pl\/index.php?rest_route=\/wp\/v2\/posts\/2639\/revisions\/2641"}],"wp:attachment":[{"href":"https:\/\/przedszkole12nowasol.pl\/index.php?rest_route=%2Fwp%2Fv2%2Fmedia&parent=2639"}],"wp:term":[{"taxonomy":"category","embeddable":true,"href":"https:\/\/przedszkole12nowasol.pl\/index.php?rest_route=%2Fwp%2Fv2%2Fcategories&post=2639"},{"taxonomy":"post_tag","embeddable":true,"href":"https:\/\/przedszkole12nowasol.pl\/index.php?rest_route=%2Fwp%2Fv2%2Ftags&post=2639"}],"curies":[{"name":"wp","href":"https:\/\/api.w.org\/{rel}","templated":true}]}}