{"id":2642,"date":"2021-11-12T13:19:27","date_gmt":"2021-11-12T13:19:27","guid":{"rendered":"https:\/\/przedszkole12nowasol.pl\/?p=2642"},"modified":"2021-11-14T09:31:22","modified_gmt":"2021-11-14T09:31:22","slug":"123-rocznica-odzyskania-przez-polske-niepodleglosci","status":"publish","type":"post","link":"https:\/\/przedszkole12nowasol.pl\/?p=2642","title":{"rendered":"103. rocznica odzyskania przez Polsk\u0119 niepodleg\u0142o\u015bci"},"content":{"rendered":"<p><img fetchpriority=\"high\" decoding=\"async\" class=\"alignnone size-full wp-image-2643\" src=\"https:\/\/przedszkole12nowasol.pl\/wp-content\/uploads\/2021\/11\/IMG-20211110-WA0005.jpg\" alt=\"\" width=\"1974\" height=\"888\" srcset=\"https:\/\/przedszkole12nowasol.pl\/wp-content\/uploads\/2021\/11\/IMG-20211110-WA0005.jpg 1974w, https:\/\/przedszkole12nowasol.pl\/wp-content\/uploads\/2021\/11\/IMG-20211110-WA0005-300x135.jpg 300w, https:\/\/przedszkole12nowasol.pl\/wp-content\/uploads\/2021\/11\/IMG-20211110-WA0005-768x345.jpg 768w, https:\/\/przedszkole12nowasol.pl\/wp-content\/uploads\/2021\/11\/IMG-20211110-WA0005-1024x461.jpg 1024w, https:\/\/przedszkole12nowasol.pl\/wp-content\/uploads\/2021\/11\/IMG-20211110-WA0005-667x300.jpg 667w\" sizes=\"(max-width: 1974px) 100vw, 1974px\" \/><\/p>\n<p class=\"lead\"><span style=\"font-size: 14pt; color: #000000;\">10 listopada obchodzili\u015bmy w naszym przedszkolu Narodowe \u015awi\u0119to Niepodleg\u0142o\u015bci. Z tej okazji wszystkie grupy uroczy\u015bcie \u015bwi\u0119towa\u0142y ten wyj\u0105tkowy dla nas Polak\u00f3w dzie\u0144.<\/span><\/p>\n<div class=\"art-text intextAd\">\n<p><strong><span style=\"font-size: 14pt; color: #ff0000;\">Wszystkie przedszkolaki przysz\u0142y 10 listopada galowo ubrane z przypi\u0119t\u0105 kokard\u0105 narodow\u0105. W tym dniu odbywa\u0142y si\u0119 grupowe zaj\u0119cia na temat Odzyskania Niepodleg\u0142o\u015b\u0107. Dzieci \u015bpiewa\u0142y piosenki patriotyczne, ta\u0144czy\u0142y ta\u0144ce ludowe i bawi\u0142y si\u0119 w zabawy ludowe. Dodatkowo ka\u017cda grupa wykona\u0142a pi\u0119kne prace plastyczne o tematyce patriotycznej. Nast\u0119pnie wszystkie przedszkolaki solidarnie od\u015bpiewa\u0142y hymn Polski \u201eMazurek D\u0105browskiego\u201d o godzinie 11:11.<\/span><\/strong><\/p>\n<p><span style=\"font-size: 14pt; color: #000000;\">Zapraszamy do obejrzenia zdj\u0119\u0107 i filmu w galerii w linku poni\u017cej:\u00a0<\/span><\/p>\n<p><span style=\"font-size: 14pt;\"><a href=\"https:\/\/photos.app.goo.gl\/jUbJLKuZ8mb64dHh6\">https:\/\/photos.app.goo.gl\/jUbJLKuZ8mb64dHh6<\/a><\/span><\/p>\n<\/div>\n","protected":false},"excerpt":{"rendered":"<p>10 listopada obchodzili\u015bmy w naszym przedszkolu Narodowe \u015awi\u0119to Niepodleg\u0142o\u015bci. Z tej okazji wszystkie grupy uroczy\u015bcie \u015bwi\u0119towa\u0142y ten wyj\u0105tkowy dla nas Polak\u00f3w dzie\u0144. Wszystkie przedszkolaki przysz\u0142y 10 listopada galowo ubrane z przypi\u0119t\u0105 kokard\u0105 narodow\u0105. W tym dniu odbywa\u0142y si\u0119 grupowe zaj\u0119cia na temat Odzyskania Niepodleg\u0142o\u015b\u0107. Dzieci \u015bpiewa\u0142y piosenki patriotyczne, ta\u0144czy\u0142y ta\u0144ce &hellip;<\/p>\n","protected":false},"author":1,"featured_media":0,"comment_status":"closed","ping_status":"open","sticky":false,"template":"","format":"standard","meta":{"footnotes":""},"categories":[17],"tags":[],"class_list":["post-2642","post","type-post","status-publish","format-standard","hentry","category-aktualnosci"],"_links":{"self":[{"href":"https:\/\/przedszkole12nowasol.pl\/index.php?rest_route=\/wp\/v2\/posts\/2642","targetHints":{"allow":["GET"]}}],"collection":[{"href":"https:\/\/przedszkole12nowasol.pl\/index.php?rest_route=\/wp\/v2\/posts"}],"about":[{"href":"https:\/\/przedszkole12nowasol.pl\/index.php?rest_route=\/wp\/v2\/types\/post"}],"author":[{"embeddable":true,"href":"https:\/\/przedszkole12nowasol.pl\/index.php?rest_route=\/wp\/v2\/users\/1"}],"replies":[{"embeddable":true,"href":"https:\/\/przedszkole12nowasol.pl\/index.php?rest_route=%2Fwp%2Fv2%2Fcomments&post=2642"}],"version-history":[{"count":2,"href":"https:\/\/przedszkole12nowasol.pl\/index.php?rest_route=\/wp\/v2\/posts\/2642\/revisions"}],"predecessor-version":[{"id":2647,"href":"https:\/\/przedszkole12nowasol.pl\/index.php?rest_route=\/wp\/v2\/posts\/2642\/revisions\/2647"}],"wp:attachment":[{"href":"https:\/\/przedszkole12nowasol.pl\/index.php?rest_route=%2Fwp%2Fv2%2Fmedia&parent=2642"}],"wp:term":[{"taxonomy":"category","embeddable":true,"href":"https:\/\/przedszkole12nowasol.pl\/index.php?rest_route=%2Fwp%2Fv2%2Fcategories&post=2642"},{"taxonomy":"post_tag","embeddable":true,"href":"https:\/\/przedszkole12nowasol.pl\/index.php?rest_route=%2Fwp%2Fv2%2Ftags&post=2642"}],"curies":[{"name":"wp","href":"https:\/\/api.w.org\/{rel}","templated":true}]}}