{"id":2648,"date":"2021-11-17T15:39:05","date_gmt":"2021-11-17T15:39:05","guid":{"rendered":"https:\/\/przedszkole12nowasol.pl\/?p=2648"},"modified":"2021-11-17T15:39:05","modified_gmt":"2021-11-17T15:39:05","slug":"gumisie-odwiedzily-policjantow","status":"publish","type":"post","link":"https:\/\/przedszkole12nowasol.pl\/?p=2648","title":{"rendered":"Gumisie odwiedzi\u0142y policjant\u00f3w"},"content":{"rendered":"<p><img fetchpriority=\"high\" decoding=\"async\" class=\"alignnone size-full wp-image-2649\" src=\"https:\/\/przedszkole12nowasol.pl\/wp-content\/uploads\/2021\/11\/257456080_1583386595345623_8232949222928327332_n.jpg\" alt=\"\" width=\"2048\" height=\"1536\" srcset=\"https:\/\/przedszkole12nowasol.pl\/wp-content\/uploads\/2021\/11\/257456080_1583386595345623_8232949222928327332_n.jpg 2048w, https:\/\/przedszkole12nowasol.pl\/wp-content\/uploads\/2021\/11\/257456080_1583386595345623_8232949222928327332_n-300x225.jpg 300w, https:\/\/przedszkole12nowasol.pl\/wp-content\/uploads\/2021\/11\/257456080_1583386595345623_8232949222928327332_n-768x576.jpg 768w, https:\/\/przedszkole12nowasol.pl\/wp-content\/uploads\/2021\/11\/257456080_1583386595345623_8232949222928327332_n-1024x768.jpg 1024w, https:\/\/przedszkole12nowasol.pl\/wp-content\/uploads\/2021\/11\/257456080_1583386595345623_8232949222928327332_n-400x300.jpg 400w\" sizes=\"(max-width: 2048px) 100vw, 2048px\" \/><\/p>\n<p><span style=\"font-size: 14pt; color: #000000;\">Tym razem nowosolskich policjant\u00f3w odwiedzi\u0142y Gumisie &#8211; przedszkolaki, kt\u00f3re by\u0142y ciekawe, jak wygl\u0105da Komenda Powiatowa Policji w Nowej Soli. Mundurowi m\u0142odszy aspirant Adam Wachowski i starszy sier\u017cant Daniel Zatwarnicki rozmawiali z dzie\u0107mi na temat przepis\u00f3w ruchu drogowego, kt\u00f3re dzieci obieca\u0142y codziennie przestrzega\u0107 i utrwala\u0107, telefon\u00f3w alarmowych oraz uczyli dzieci udzielania pierwszej pomocy. Du\u017cym zainteresowaniem cieszy\u0142 si\u0119 radiow\u00f3z policyjny, w kt\u00f3rym dzieci ch\u0119tnie robi\u0142y sobie zdj\u0119cia. Ka\u017cdy z uczestnik\u00f3w otrzyma\u0142 odblaski, dzi\u0119ki kt\u00f3rym b\u0119dzie bardziej widoczny o zmierzchu.<\/span><\/p>\n<p><span style=\"font-size: 14pt; color: #000000;\">Zapraszamy do obejrzenia zdj\u0119\u0107 w galerii w linku poni\u017cej:\u00a0<\/span><\/p>\n<p><span style=\"font-size: 14pt;\"><a href=\"https:\/\/photos.app.goo.gl\/i2whYdwPEDwozzZ38\">https:\/\/photos.app.goo.gl\/i2whYdwPEDwozzZ38<\/a><\/span><\/p>\n","protected":false},"excerpt":{"rendered":"<p>Tym razem nowosolskich policjant\u00f3w odwiedzi\u0142y Gumisie &#8211; przedszkolaki, kt\u00f3re by\u0142y ciekawe, jak wygl\u0105da Komenda Powiatowa Policji w Nowej Soli. Mundurowi m\u0142odszy aspirant Adam Wachowski i starszy sier\u017cant Daniel Zatwarnicki rozmawiali z dzie\u0107mi na temat przepis\u00f3w ruchu drogowego, kt\u00f3re dzieci obieca\u0142y codziennie przestrzega\u0107 i utrwala\u0107, telefon\u00f3w alarmowych oraz uczyli dzieci udzielania &hellip;<\/p>\n","protected":false},"author":1,"featured_media":0,"comment_status":"closed","ping_status":"open","sticky":false,"template":"","format":"standard","meta":{"footnotes":""},"categories":[17],"tags":[],"class_list":["post-2648","post","type-post","status-publish","format-standard","hentry","category-aktualnosci"],"_links":{"self":[{"href":"https:\/\/przedszkole12nowasol.pl\/index.php?rest_route=\/wp\/v2\/posts\/2648","targetHints":{"allow":["GET"]}}],"collection":[{"href":"https:\/\/przedszkole12nowasol.pl\/index.php?rest_route=\/wp\/v2\/posts"}],"about":[{"href":"https:\/\/przedszkole12nowasol.pl\/index.php?rest_route=\/wp\/v2\/types\/post"}],"author":[{"embeddable":true,"href":"https:\/\/przedszkole12nowasol.pl\/index.php?rest_route=\/wp\/v2\/users\/1"}],"replies":[{"embeddable":true,"href":"https:\/\/przedszkole12nowasol.pl\/index.php?rest_route=%2Fwp%2Fv2%2Fcomments&post=2648"}],"version-history":[{"count":1,"href":"https:\/\/przedszkole12nowasol.pl\/index.php?rest_route=\/wp\/v2\/posts\/2648\/revisions"}],"predecessor-version":[{"id":2650,"href":"https:\/\/przedszkole12nowasol.pl\/index.php?rest_route=\/wp\/v2\/posts\/2648\/revisions\/2650"}],"wp:attachment":[{"href":"https:\/\/przedszkole12nowasol.pl\/index.php?rest_route=%2Fwp%2Fv2%2Fmedia&parent=2648"}],"wp:term":[{"taxonomy":"category","embeddable":true,"href":"https:\/\/przedszkole12nowasol.pl\/index.php?rest_route=%2Fwp%2Fv2%2Fcategories&post=2648"},{"taxonomy":"post_tag","embeddable":true,"href":"https:\/\/przedszkole12nowasol.pl\/index.php?rest_route=%2Fwp%2Fv2%2Ftags&post=2648"}],"curies":[{"name":"wp","href":"https:\/\/api.w.org\/{rel}","templated":true}]}}