{"id":2660,"date":"2021-11-27T08:53:35","date_gmt":"2021-11-27T08:53:35","guid":{"rendered":"https:\/\/przedszkole12nowasol.pl\/?p=2660"},"modified":"2021-11-27T08:53:35","modified_gmt":"2021-11-27T08:53:35","slug":"tydzien-zyczliwosci-i-pozdrowien","status":"publish","type":"post","link":"https:\/\/przedszkole12nowasol.pl\/?p=2660","title":{"rendered":"Tydzie\u0144 \u017cyczliwo\u015bci i pozdrowie\u0144"},"content":{"rendered":"<p><img fetchpriority=\"high\" decoding=\"async\" class=\"alignnone size-full wp-image-2661\" src=\"https:\/\/przedszkole12nowasol.pl\/wp-content\/uploads\/2021\/11\/IMG20211124121858.jpg\" alt=\"\" width=\"4160\" height=\"3120\" srcset=\"https:\/\/przedszkole12nowasol.pl\/wp-content\/uploads\/2021\/11\/IMG20211124121858.jpg 4160w, https:\/\/przedszkole12nowasol.pl\/wp-content\/uploads\/2021\/11\/IMG20211124121858-300x225.jpg 300w, https:\/\/przedszkole12nowasol.pl\/wp-content\/uploads\/2021\/11\/IMG20211124121858-768x576.jpg 768w, https:\/\/przedszkole12nowasol.pl\/wp-content\/uploads\/2021\/11\/IMG20211124121858-1024x768.jpg 1024w, https:\/\/przedszkole12nowasol.pl\/wp-content\/uploads\/2021\/11\/IMG20211124121858-400x300.jpg 400w\" sizes=\"(max-width: 4160px) 100vw, 4160px\" \/><\/p>\n<p style=\"text-align: center;\"><span style=\"font-size: 14pt; color: #ffcc00;\"><strong>\u201e Jest taka kraina, gdzie dzie\u0144 u\u015bmiechem si\u0119 zaczyna. <\/strong><\/span><br \/>\n<span style=\"font-size: 14pt; color: #ffcc00;\"><strong>Kiedy staniemy naprzeciw siebie, Ty u\u015bmiechnij si\u0119 do mnie, a ja do Ciebie&#8221;\u2026<\/strong><\/span><\/p>\n<p><span style=\"font-size: 14pt; color: #000000;\">W dniach od 22 do 26 listopada obchodzili\u015bmy w przedszkolu \u201eTydzie\u0144 \u017byczliwo\u015bci i Pozdrowie\u0144\u201d. Symbolem tego \u015bwi\u0119ta jest s\u0142oneczko, wi\u0119c, aby by\u0142o rado\u015bniej w ubiorze dzieci dominowa\u0142 kolor \u017c\u00f3\u0142ty, kt\u00f3ry przypomina\u0142, \u017ce mamy \u015bwieci\u0107 przyk\u0142adem jak s\u0142o\u0144ce. Dzieci z grup \u017babek, Pszcz\u00f3\u0142ek, Biedronek i S\u00f3wek wykona\u0142y plakaty lub drzewka i zastanawia\u0142y si\u0119, co to jest \u017cyczliwo\u015b\u0107, dlaczego warto by\u0107 \u017cyczliwym, jak j\u0105 okazywa\u0107 bliskim, kolegom i starszym osobom na co dzie\u0144. By\u0142a to wspania\u0142a okazja do przypomnienia \u201emagicznych s\u0142\u00f3w\u201d &#8211; prosz\u0119, przepraszam i dzi\u0119kuj\u0119. Przedszkolaki mia\u0142y te\u017c okazj\u0119 zrobi\u0107 sobie zdj\u0119cie w weso\u0142ej fotobudce.\u00a0 U \u017babek by\u0142a \u201eSkrzynka \u017cyczliwo\u015bci i pozdrowie\u0144\u201d, gdzie ka\u017cde dziecko mog\u0142o napisa\u0107 lub narysowa\u0107 co\u015b mi\u0142ego dla kolegi, kole\u017canki lub personelu przedszkola, dzieci ch\u0119tnie rysowa\u0142y obrazki, kolorowa\u0142y ilustracje oraz wysy\u0142a\u0142y listy. Przedszkolaki z dw\u00f3ch grup: \u201e\u017babek\u201d oraz \u201ePszcz\u00f3\u0142ek\u201d dodatkowo wykona\u0142y pi\u0119kne ksi\u0105\u017ceczki z rysunkami i pozdrowieniami dla Frania. Sprawi\u0142y mu t\u0105 niespodziank\u0105 wielk\u0105 rado\u015b\u0107.<\/span><\/p>\n<p style=\"text-align: center;\"><span style=\"color: #ffcc00; font-size: 14pt;\"><strong>To by\u0142 tydzie\u0144 pe\u0142en \u017cyczliwo\u015bci i u\u015bmiech\u00f3w,\u00a0 starajmy si\u0119, aby trwa\u0142 ca\u0142y rok!<\/strong><\/span><\/p>\n<p><span style=\"font-size: 14pt; color: #000000;\">Zapraszamy do obejrzenia zdj\u0119\u0107 w galerii w linku poni\u017cej:\u00a0<\/span><\/p>\n<p><span style=\"font-size: 14pt;\"><a href=\"https:\/\/photos.app.goo.gl\/fPaM19ShedyRK69f8\">https:\/\/photos.app.goo.gl\/fPaM19ShedyRK69f8<\/a><\/span><\/p>\n","protected":false},"excerpt":{"rendered":"<p>\u201e Jest taka kraina, gdzie dzie\u0144 u\u015bmiechem si\u0119 zaczyna. Kiedy staniemy naprzeciw siebie, Ty u\u015bmiechnij si\u0119 do mnie, a ja do Ciebie&#8221;\u2026 W dniach od 22 do 26 listopada obchodzili\u015bmy w przedszkolu \u201eTydzie\u0144 \u017byczliwo\u015bci i Pozdrowie\u0144\u201d. Symbolem tego \u015bwi\u0119ta jest s\u0142oneczko, wi\u0119c, aby by\u0142o rado\u015bniej w ubiorze dzieci dominowa\u0142 kolor &hellip;<\/p>\n","protected":false},"author":1,"featured_media":0,"comment_status":"closed","ping_status":"open","sticky":false,"template":"","format":"standard","meta":{"footnotes":""},"categories":[17],"tags":[],"class_list":["post-2660","post","type-post","status-publish","format-standard","hentry","category-aktualnosci"],"_links":{"self":[{"href":"https:\/\/przedszkole12nowasol.pl\/index.php?rest_route=\/wp\/v2\/posts\/2660","targetHints":{"allow":["GET"]}}],"collection":[{"href":"https:\/\/przedszkole12nowasol.pl\/index.php?rest_route=\/wp\/v2\/posts"}],"about":[{"href":"https:\/\/przedszkole12nowasol.pl\/index.php?rest_route=\/wp\/v2\/types\/post"}],"author":[{"embeddable":true,"href":"https:\/\/przedszkole12nowasol.pl\/index.php?rest_route=\/wp\/v2\/users\/1"}],"replies":[{"embeddable":true,"href":"https:\/\/przedszkole12nowasol.pl\/index.php?rest_route=%2Fwp%2Fv2%2Fcomments&post=2660"}],"version-history":[{"count":1,"href":"https:\/\/przedszkole12nowasol.pl\/index.php?rest_route=\/wp\/v2\/posts\/2660\/revisions"}],"predecessor-version":[{"id":2662,"href":"https:\/\/przedszkole12nowasol.pl\/index.php?rest_route=\/wp\/v2\/posts\/2660\/revisions\/2662"}],"wp:attachment":[{"href":"https:\/\/przedszkole12nowasol.pl\/index.php?rest_route=%2Fwp%2Fv2%2Fmedia&parent=2660"}],"wp:term":[{"taxonomy":"category","embeddable":true,"href":"https:\/\/przedszkole12nowasol.pl\/index.php?rest_route=%2Fwp%2Fv2%2Fcategories&post=2660"},{"taxonomy":"post_tag","embeddable":true,"href":"https:\/\/przedszkole12nowasol.pl\/index.php?rest_route=%2Fwp%2Fv2%2Ftags&post=2660"}],"curies":[{"name":"wp","href":"https:\/\/api.w.org\/{rel}","templated":true}]}}