{"id":2663,"date":"2021-11-27T09:22:59","date_gmt":"2021-11-27T09:22:59","guid":{"rendered":"https:\/\/przedszkole12nowasol.pl\/?p=2663"},"modified":"2021-11-27T09:22:59","modified_gmt":"2021-11-27T09:22:59","slug":"dzien-pluszowego-misia-4","status":"publish","type":"post","link":"https:\/\/przedszkole12nowasol.pl\/?p=2663","title":{"rendered":"Dzie\u0144 Pluszowego Misia"},"content":{"rendered":"<p><img fetchpriority=\"high\" decoding=\"async\" class=\"alignnone size-full wp-image-2664\" src=\"https:\/\/przedszkole12nowasol.pl\/wp-content\/uploads\/2021\/11\/IMG-20211126-WA0010.jpg\" alt=\"\" width=\"1200\" height=\"1600\" srcset=\"https:\/\/przedszkole12nowasol.pl\/wp-content\/uploads\/2021\/11\/IMG-20211126-WA0010.jpg 1200w, https:\/\/przedszkole12nowasol.pl\/wp-content\/uploads\/2021\/11\/IMG-20211126-WA0010-225x300.jpg 225w, https:\/\/przedszkole12nowasol.pl\/wp-content\/uploads\/2021\/11\/IMG-20211126-WA0010-768x1024.jpg 768w\" sizes=\"(max-width: 1200px) 100vw, 1200px\" \/><\/p>\n<p style=\"text-align: center;\"><strong><span style=\"font-size: 14pt; color: #ff6600;\">&#8220;Mi\u015b pluszowy,\u00a0<\/span><\/strong><strong><span style=\"font-size: 14pt; color: #ff6600;\">Mi\u015b kud\u0142aty,<\/span><\/strong><br \/>\n<strong><span style=\"font-size: 14pt; color: #ff6600;\">Bia\u0142y, czarny l<\/span><\/strong><strong><span style=\"font-size: 14pt; color: #ff6600;\">ub \u0142aciaty.<\/span><\/strong><br \/>\n<strong><span style=\"font-size: 14pt; color: #ff6600;\">Wszystkie misie m<\/span><\/strong><strong><span style=\"font-size: 14pt; color: #ff6600;\">y kochamy,<\/span><\/strong><br \/>\n<strong><span style=\"font-size: 14pt; color: #ff6600;\">Bo ich \u015bwi\u0119to dzisiaj mamy!&#8221;<\/span><\/strong><\/p>\n<p><span style=\"font-size: 14pt; color: #000000;\">25 listopada obchodzili\u015bmy bardzo wa\u017cne dla ka\u017cdego dziecka \u015bwi\u0119to &#8211; \u201eDzie\u0144 Pluszowego Misia\u201d. Przedszkolakom w tym dniu towarzyszy\u0142 ich ulubiony pluszowy przyjaciel. W tym dniu dzieci opowiada\u0142y o swoich ulubionych maskotkach, s\u0142ucha\u0142y czytanych przez panie fragment\u00f3w ksi\u0105\u017cek o nied\u017awiadkach oraz ta\u0144czy\u0142y z misiami w rytm dzieci\u0119cych przeboj\u00f3w. Podczas zaj\u0119\u0107 dydaktycznych tak\u017ce wykorzystywane by\u0142y przyniesione &#8220;pluszaki&#8221;. Ponadto przedszkolaki wykonywa\u0142y prace plastyczne, w kt\u00f3rych g\u0142\u00f3wnym bohaterem by\u0142 mi\u015b. W tym wyj\u0105tkowym dniu nawet nasze drugie \u015bniadanie zosta\u0142o zmisiowane. Ten dzie\u0144 wywo\u0142a\u0142 u dzieci wiele u\u015bmiech\u00f3w i rado\u015bci.\u00a0<\/span><\/p>\n<p><span style=\"font-size: 14pt; color: #000000;\">Zapraszamy do obejrzenia zdj\u0119\u0107 w galerii w linku poni\u017cej:\u00a0<\/span><\/p>\n<p><span style=\"font-size: 14pt;\"><a href=\"https:\/\/photos.app.goo.gl\/mBijpvestSahYD2Q6\">https:\/\/photos.app.goo.gl\/mBijpvestSahYD2Q6<\/a><\/span><\/p>\n","protected":false},"excerpt":{"rendered":"<p>&#8220;Mi\u015b pluszowy,\u00a0Mi\u015b kud\u0142aty, Bia\u0142y, czarny lub \u0142aciaty. Wszystkie misie my kochamy, Bo ich \u015bwi\u0119to dzisiaj mamy!&#8221; 25 listopada obchodzili\u015bmy bardzo wa\u017cne dla ka\u017cdego dziecka \u015bwi\u0119to &#8211; \u201eDzie\u0144 Pluszowego Misia\u201d. Przedszkolakom w tym dniu towarzyszy\u0142 ich ulubiony pluszowy przyjaciel. W tym dniu dzieci opowiada\u0142y o swoich ulubionych maskotkach, s\u0142ucha\u0142y czytanych przez &hellip;<\/p>\n","protected":false},"author":1,"featured_media":0,"comment_status":"closed","ping_status":"open","sticky":false,"template":"","format":"standard","meta":{"footnotes":""},"categories":[17],"tags":[],"class_list":["post-2663","post","type-post","status-publish","format-standard","hentry","category-aktualnosci"],"_links":{"self":[{"href":"https:\/\/przedszkole12nowasol.pl\/index.php?rest_route=\/wp\/v2\/posts\/2663","targetHints":{"allow":["GET"]}}],"collection":[{"href":"https:\/\/przedszkole12nowasol.pl\/index.php?rest_route=\/wp\/v2\/posts"}],"about":[{"href":"https:\/\/przedszkole12nowasol.pl\/index.php?rest_route=\/wp\/v2\/types\/post"}],"author":[{"embeddable":true,"href":"https:\/\/przedszkole12nowasol.pl\/index.php?rest_route=\/wp\/v2\/users\/1"}],"replies":[{"embeddable":true,"href":"https:\/\/przedszkole12nowasol.pl\/index.php?rest_route=%2Fwp%2Fv2%2Fcomments&post=2663"}],"version-history":[{"count":1,"href":"https:\/\/przedszkole12nowasol.pl\/index.php?rest_route=\/wp\/v2\/posts\/2663\/revisions"}],"predecessor-version":[{"id":2665,"href":"https:\/\/przedszkole12nowasol.pl\/index.php?rest_route=\/wp\/v2\/posts\/2663\/revisions\/2665"}],"wp:attachment":[{"href":"https:\/\/przedszkole12nowasol.pl\/index.php?rest_route=%2Fwp%2Fv2%2Fmedia&parent=2663"}],"wp:term":[{"taxonomy":"category","embeddable":true,"href":"https:\/\/przedszkole12nowasol.pl\/index.php?rest_route=%2Fwp%2Fv2%2Fcategories&post=2663"},{"taxonomy":"post_tag","embeddable":true,"href":"https:\/\/przedszkole12nowasol.pl\/index.php?rest_route=%2Fwp%2Fv2%2Ftags&post=2663"}],"curies":[{"name":"wp","href":"https:\/\/api.w.org\/{rel}","templated":true}]}}