{"id":2676,"date":"2021-12-01T16:44:17","date_gmt":"2021-12-01T16:44:17","guid":{"rendered":"https:\/\/przedszkole12nowasol.pl\/?p=2676"},"modified":"2021-12-01T16:44:17","modified_gmt":"2021-12-01T16:44:17","slug":"andrzejki-3","status":"publish","type":"post","link":"https:\/\/przedszkole12nowasol.pl\/?p=2676","title":{"rendered":"Andrzejki"},"content":{"rendered":"<p><img fetchpriority=\"high\" decoding=\"async\" class=\"alignnone size-full wp-image-2677\" src=\"https:\/\/przedszkole12nowasol.pl\/wp-content\/uploads\/2021\/12\/IMG-20211130-WA0004.jpg\" alt=\"\" width=\"2016\" height=\"967\" srcset=\"https:\/\/przedszkole12nowasol.pl\/wp-content\/uploads\/2021\/12\/IMG-20211130-WA0004.jpg 2016w, https:\/\/przedszkole12nowasol.pl\/wp-content\/uploads\/2021\/12\/IMG-20211130-WA0004-300x144.jpg 300w, https:\/\/przedszkole12nowasol.pl\/wp-content\/uploads\/2021\/12\/IMG-20211130-WA0004-768x368.jpg 768w, https:\/\/przedszkole12nowasol.pl\/wp-content\/uploads\/2021\/12\/IMG-20211130-WA0004-1024x491.jpg 1024w, https:\/\/przedszkole12nowasol.pl\/wp-content\/uploads\/2021\/12\/IMG-20211130-WA0004-625x300.jpg 625w\" sizes=\"(max-width: 2016px) 100vw, 2016px\" \/><\/p>\n<p style=\"text-align: left;\"><span style=\"font-size: 14pt; color: #000000;\">30 listopada \u015bwi\u0119towali\u015bmy w przedszkolu Andrzejki. Dzieci przysz\u0142y przebrane za ulubione postacie bajkowe, czarodziej\u00f3w i wr\u00f3\u017cki lub z rekwizytami nawi\u0105zuj\u0105cymi do andrzejkowego klimatu. Tego dnia w ka\u017cdej grupie odbywa\u0142y si\u0119 r\u00f3\u017cnorodne zabawy &#8211; wr\u00f3\u017cby andrzejkowe, konkursy, zabawy taneczne, konkurencje sportowe.<\/span><\/p>\n<p style=\"text-align: center;\"><span style=\"font-size: 14pt; color: #000000;\"><strong><span style=\"color: #800080;\">Na spe\u0142nienie si\u0119 wr\u00f3\u017cb dzieci musz\u0105 co prawda jeszcze zaczeka\u0107, jednak zabawa andrzejkowa przynios\u0142a przedszkolakom wiele rado\u015bci i by\u0142a znakomit\u0105 okazj\u0105 do integracji grupowej.\u00a0<\/span><\/strong><br \/>\n<\/span><\/p>\n<p><span style=\"font-size: 14pt; color: #000000;\">Zapraszamy do obejrzenia zdj\u0119\u0107 w galerii w linku poni\u017cej:\u00a0<\/span><\/p>\n<p><span style=\"font-size: 14pt;\"><a href=\"https:\/\/photos.app.goo.gl\/2574Jfzgmq6d2EL5A\">https:\/\/photos.app.goo.gl\/2574Jfzgmq6d2EL5A<\/a><\/span><\/p>\n","protected":false},"excerpt":{"rendered":"<p>30 listopada \u015bwi\u0119towali\u015bmy w przedszkolu Andrzejki. Dzieci przysz\u0142y przebrane za ulubione postacie bajkowe, czarodziej\u00f3w i wr\u00f3\u017cki lub z rekwizytami nawi\u0105zuj\u0105cymi do andrzejkowego klimatu. Tego dnia w ka\u017cdej grupie odbywa\u0142y si\u0119 r\u00f3\u017cnorodne zabawy &#8211; wr\u00f3\u017cby andrzejkowe, konkursy, zabawy taneczne, konkurencje sportowe. Na spe\u0142nienie si\u0119 wr\u00f3\u017cb dzieci musz\u0105 co prawda jeszcze zaczeka\u0107, &hellip;<\/p>\n","protected":false},"author":1,"featured_media":0,"comment_status":"closed","ping_status":"open","sticky":false,"template":"","format":"standard","meta":{"footnotes":""},"categories":[17],"tags":[],"class_list":["post-2676","post","type-post","status-publish","format-standard","hentry","category-aktualnosci"],"_links":{"self":[{"href":"https:\/\/przedszkole12nowasol.pl\/index.php?rest_route=\/wp\/v2\/posts\/2676","targetHints":{"allow":["GET"]}}],"collection":[{"href":"https:\/\/przedszkole12nowasol.pl\/index.php?rest_route=\/wp\/v2\/posts"}],"about":[{"href":"https:\/\/przedszkole12nowasol.pl\/index.php?rest_route=\/wp\/v2\/types\/post"}],"author":[{"embeddable":true,"href":"https:\/\/przedszkole12nowasol.pl\/index.php?rest_route=\/wp\/v2\/users\/1"}],"replies":[{"embeddable":true,"href":"https:\/\/przedszkole12nowasol.pl\/index.php?rest_route=%2Fwp%2Fv2%2Fcomments&post=2676"}],"version-history":[{"count":1,"href":"https:\/\/przedszkole12nowasol.pl\/index.php?rest_route=\/wp\/v2\/posts\/2676\/revisions"}],"predecessor-version":[{"id":2678,"href":"https:\/\/przedszkole12nowasol.pl\/index.php?rest_route=\/wp\/v2\/posts\/2676\/revisions\/2678"}],"wp:attachment":[{"href":"https:\/\/przedszkole12nowasol.pl\/index.php?rest_route=%2Fwp%2Fv2%2Fmedia&parent=2676"}],"wp:term":[{"taxonomy":"category","embeddable":true,"href":"https:\/\/przedszkole12nowasol.pl\/index.php?rest_route=%2Fwp%2Fv2%2Fcategories&post=2676"},{"taxonomy":"post_tag","embeddable":true,"href":"https:\/\/przedszkole12nowasol.pl\/index.php?rest_route=%2Fwp%2Fv2%2Ftags&post=2676"}],"curies":[{"name":"wp","href":"https:\/\/api.w.org\/{rel}","templated":true}]}}