{"id":2681,"date":"2021-12-03T18:21:34","date_gmt":"2021-12-03T18:21:34","guid":{"rendered":"https:\/\/przedszkole12nowasol.pl\/?p=2681"},"modified":"2021-12-03T18:21:34","modified_gmt":"2021-12-03T18:21:34","slug":"wycieczka-do-ndk","status":"publish","type":"post","link":"https:\/\/przedszkole12nowasol.pl\/?p=2681","title":{"rendered":"Wycieczka do NDK"},"content":{"rendered":"<p><img fetchpriority=\"high\" decoding=\"async\" class=\"alignnone size-full wp-image-2682\" src=\"https:\/\/przedszkole12nowasol.pl\/wp-content\/uploads\/2021\/12\/IMG20211201115742.jpg\" alt=\"\" width=\"4160\" height=\"3120\" srcset=\"https:\/\/przedszkole12nowasol.pl\/wp-content\/uploads\/2021\/12\/IMG20211201115742.jpg 4160w, https:\/\/przedszkole12nowasol.pl\/wp-content\/uploads\/2021\/12\/IMG20211201115742-300x225.jpg 300w, https:\/\/przedszkole12nowasol.pl\/wp-content\/uploads\/2021\/12\/IMG20211201115742-768x576.jpg 768w, https:\/\/przedszkole12nowasol.pl\/wp-content\/uploads\/2021\/12\/IMG20211201115742-1024x768.jpg 1024w, https:\/\/przedszkole12nowasol.pl\/wp-content\/uploads\/2021\/12\/IMG20211201115742-400x300.jpg 400w\" sizes=\"(max-width: 4160px) 100vw, 4160px\" \/><\/p>\n<p><span style=\"font-size: 14pt; color: #000000;\">Dnia 01.12.2021r. odby\u0142a si\u0119 wycieczka do Nowosolskiego Domu Kultury na sztuk\u0119 &#8220;Przychodz\u0105 organy do lekarza, czyli co\u015b tu nie gra&#8221;, sponsorowan\u0105 przez Urz\u0105d Miasta Nowa S\u00f3l. Uczestnikami spotkania by\u0142y dwie grupy 6-latk\u00f3w: \u017babki i Krasnoludki.\u00a0<\/span><\/p>\n<p><span style=\"font-size: 14pt; color: #000000;\">Zapraszamy do obejrzenia zdj\u0119\u0107 w galerii w linku poni\u017cej:\u00a0<\/span><\/p>\n<p><span style=\"font-size: 14pt;\"><a href=\"https:\/\/photos.app.goo.gl\/zQibegyW5PTmkHaN7\">https:\/\/photos.app.goo.gl\/zQibegyW5PTmkHaN7<\/a><\/span><\/p>\n","protected":false},"excerpt":{"rendered":"<p>Dnia 01.12.2021r. odby\u0142a si\u0119 wycieczka do Nowosolskiego Domu Kultury na sztuk\u0119 &#8220;Przychodz\u0105 organy do lekarza, czyli co\u015b tu nie gra&#8221;, sponsorowan\u0105 przez Urz\u0105d Miasta Nowa S\u00f3l. Uczestnikami spotkania by\u0142y dwie grupy 6-latk\u00f3w: \u017babki i Krasnoludki.\u00a0 Zapraszamy do obejrzenia zdj\u0119\u0107 w galerii w linku poni\u017cej:\u00a0 https:\/\/photos.app.goo.gl\/zQibegyW5PTmkHaN7<\/p>\n","protected":false},"author":1,"featured_media":0,"comment_status":"closed","ping_status":"open","sticky":false,"template":"","format":"standard","meta":{"footnotes":""},"categories":[17],"tags":[],"class_list":["post-2681","post","type-post","status-publish","format-standard","hentry","category-aktualnosci"],"_links":{"self":[{"href":"https:\/\/przedszkole12nowasol.pl\/index.php?rest_route=\/wp\/v2\/posts\/2681","targetHints":{"allow":["GET"]}}],"collection":[{"href":"https:\/\/przedszkole12nowasol.pl\/index.php?rest_route=\/wp\/v2\/posts"}],"about":[{"href":"https:\/\/przedszkole12nowasol.pl\/index.php?rest_route=\/wp\/v2\/types\/post"}],"author":[{"embeddable":true,"href":"https:\/\/przedszkole12nowasol.pl\/index.php?rest_route=\/wp\/v2\/users\/1"}],"replies":[{"embeddable":true,"href":"https:\/\/przedszkole12nowasol.pl\/index.php?rest_route=%2Fwp%2Fv2%2Fcomments&post=2681"}],"version-history":[{"count":1,"href":"https:\/\/przedszkole12nowasol.pl\/index.php?rest_route=\/wp\/v2\/posts\/2681\/revisions"}],"predecessor-version":[{"id":2683,"href":"https:\/\/przedszkole12nowasol.pl\/index.php?rest_route=\/wp\/v2\/posts\/2681\/revisions\/2683"}],"wp:attachment":[{"href":"https:\/\/przedszkole12nowasol.pl\/index.php?rest_route=%2Fwp%2Fv2%2Fmedia&parent=2681"}],"wp:term":[{"taxonomy":"category","embeddable":true,"href":"https:\/\/przedszkole12nowasol.pl\/index.php?rest_route=%2Fwp%2Fv2%2Fcategories&post=2681"},{"taxonomy":"post_tag","embeddable":true,"href":"https:\/\/przedszkole12nowasol.pl\/index.php?rest_route=%2Fwp%2Fv2%2Ftags&post=2681"}],"curies":[{"name":"wp","href":"https:\/\/api.w.org\/{rel}","templated":true}]}}