{"id":2684,"date":"2021-12-03T18:28:51","date_gmt":"2021-12-03T18:28:51","guid":{"rendered":"https:\/\/przedszkole12nowasol.pl\/?p=2684"},"modified":"2021-12-03T18:28:51","modified_gmt":"2021-12-03T18:28:51","slug":"wedrowki-po-europie-poznajemy-francje","status":"publish","type":"post","link":"https:\/\/przedszkole12nowasol.pl\/?p=2684","title":{"rendered":"W\u0119dr\u00f3wki po Europie &#8211; poznajemy Francj\u0119"},"content":{"rendered":"<p><img fetchpriority=\"high\" decoding=\"async\" class=\"alignnone size-full wp-image-2685\" src=\"https:\/\/przedszkole12nowasol.pl\/wp-content\/uploads\/2021\/12\/IMG20211202132638.jpg\" alt=\"\" width=\"4160\" height=\"3120\" srcset=\"https:\/\/przedszkole12nowasol.pl\/wp-content\/uploads\/2021\/12\/IMG20211202132638.jpg 4160w, https:\/\/przedszkole12nowasol.pl\/wp-content\/uploads\/2021\/12\/IMG20211202132638-300x225.jpg 300w, https:\/\/przedszkole12nowasol.pl\/wp-content\/uploads\/2021\/12\/IMG20211202132638-768x576.jpg 768w, https:\/\/przedszkole12nowasol.pl\/wp-content\/uploads\/2021\/12\/IMG20211202132638-1024x768.jpg 1024w, https:\/\/przedszkole12nowasol.pl\/wp-content\/uploads\/2021\/12\/IMG20211202132638-400x300.jpg 400w\" sizes=\"(max-width: 4160px) 100vw, 4160px\" \/><\/p>\n<p><span style=\"font-size: 14pt; color: #000000;\">Dzieci z grupy \u201e\u017babek\u201d odbywaj\u0105 podr\u00f3\u017ce do wybranych kraj\u00f3w europejskich. Kolejnym przystankiem by\u0142a Francja. Podczas zaj\u0119\u0107 przedszkolaki ubrane w stroje w tradycyjnych francuskich barwach, pozna\u0142y \u2013 map\u0119, flag\u0119 i hymn\u00a0 Francji. Obejrza\u0142y prezentacj\u0119 pt. \u201eSymbole Francji\u201d. \u00a0Dzieci dowiedzia\u0142y si\u0119, i\u017c Czerwonego Kapturka napisa\u0142 s\u0142ynny bajkopisarz Charles Perrault. Du\u017co emocji wywo\u0142a\u0142 konkurs na naj\u0142adniejsz\u0105 wie\u017c\u0119 Eiffla. Na koniec starszaki samodzielnie zrobi\u0142y pyszne ciasteczka z ciasta francuskiego. Z niecierpliwo\u015bci\u0105 czekamy na kolejne wyprawy do kraj\u00f3w europejskich.<\/span><\/p>\n<p style=\"text-align: center;\"><strong><span style=\"font-size: 14pt; color: #000000;\">Dzi\u0119kujemy bardzo rodzicom i pracownikom przedszkola, kt\u00f3rzy pomogli zorganizowa\u0107 Dzie\u0144 Francuski.<\/span><\/strong><\/p>\n<p><span style=\"font-size: 14pt; color: #000000;\">Zapraszamy do obejrzenia zdj\u0119\u0107 w galerii w linku poni\u017cej:\u00a0<\/span><\/p>\n<p><span style=\"font-size: 14pt;\"><a href=\"https:\/\/photos.app.goo.gl\/Ude5zsDkPZ1jX7hH9\">https:\/\/photos.app.goo.gl\/Ude5zsDkPZ1jX7hH9<\/a><\/span><\/p>\n","protected":false},"excerpt":{"rendered":"<p>Dzieci z grupy \u201e\u017babek\u201d odbywaj\u0105 podr\u00f3\u017ce do wybranych kraj\u00f3w europejskich. Kolejnym przystankiem by\u0142a Francja. Podczas zaj\u0119\u0107 przedszkolaki ubrane w stroje w tradycyjnych francuskich barwach, pozna\u0142y \u2013 map\u0119, flag\u0119 i hymn\u00a0 Francji. Obejrza\u0142y prezentacj\u0119 pt. \u201eSymbole Francji\u201d. \u00a0Dzieci dowiedzia\u0142y si\u0119, i\u017c Czerwonego Kapturka napisa\u0142 s\u0142ynny bajkopisarz Charles Perrault. Du\u017co emocji wywo\u0142a\u0142 &hellip;<\/p>\n","protected":false},"author":1,"featured_media":0,"comment_status":"closed","ping_status":"open","sticky":false,"template":"","format":"standard","meta":{"footnotes":""},"categories":[17],"tags":[],"class_list":["post-2684","post","type-post","status-publish","format-standard","hentry","category-aktualnosci"],"_links":{"self":[{"href":"https:\/\/przedszkole12nowasol.pl\/index.php?rest_route=\/wp\/v2\/posts\/2684","targetHints":{"allow":["GET"]}}],"collection":[{"href":"https:\/\/przedszkole12nowasol.pl\/index.php?rest_route=\/wp\/v2\/posts"}],"about":[{"href":"https:\/\/przedszkole12nowasol.pl\/index.php?rest_route=\/wp\/v2\/types\/post"}],"author":[{"embeddable":true,"href":"https:\/\/przedszkole12nowasol.pl\/index.php?rest_route=\/wp\/v2\/users\/1"}],"replies":[{"embeddable":true,"href":"https:\/\/przedszkole12nowasol.pl\/index.php?rest_route=%2Fwp%2Fv2%2Fcomments&post=2684"}],"version-history":[{"count":1,"href":"https:\/\/przedszkole12nowasol.pl\/index.php?rest_route=\/wp\/v2\/posts\/2684\/revisions"}],"predecessor-version":[{"id":2686,"href":"https:\/\/przedszkole12nowasol.pl\/index.php?rest_route=\/wp\/v2\/posts\/2684\/revisions\/2686"}],"wp:attachment":[{"href":"https:\/\/przedszkole12nowasol.pl\/index.php?rest_route=%2Fwp%2Fv2%2Fmedia&parent=2684"}],"wp:term":[{"taxonomy":"category","embeddable":true,"href":"https:\/\/przedszkole12nowasol.pl\/index.php?rest_route=%2Fwp%2Fv2%2Fcategories&post=2684"},{"taxonomy":"post_tag","embeddable":true,"href":"https:\/\/przedszkole12nowasol.pl\/index.php?rest_route=%2Fwp%2Fv2%2Ftags&post=2684"}],"curies":[{"name":"wp","href":"https:\/\/api.w.org\/{rel}","templated":true}]}}