{"id":2691,"date":"2021-12-10T07:47:46","date_gmt":"2021-12-10T07:47:46","guid":{"rendered":"https:\/\/przedszkole12nowasol.pl\/?p=2691"},"modified":"2021-12-10T07:47:46","modified_gmt":"2021-12-10T07:47:46","slug":"mikolajki-3","status":"publish","type":"post","link":"https:\/\/przedszkole12nowasol.pl\/?p=2691","title":{"rendered":"Miko\u0142ajki"},"content":{"rendered":"<p><img fetchpriority=\"high\" decoding=\"async\" class=\"alignnone size-full wp-image-2692\" src=\"https:\/\/przedszkole12nowasol.pl\/wp-content\/uploads\/2021\/12\/IMG-20211209-WA0016.jpg\" alt=\"\" width=\"2048\" height=\"1536\" srcset=\"https:\/\/przedszkole12nowasol.pl\/wp-content\/uploads\/2021\/12\/IMG-20211209-WA0016.jpg 2048w, https:\/\/przedszkole12nowasol.pl\/wp-content\/uploads\/2021\/12\/IMG-20211209-WA0016-300x225.jpg 300w, https:\/\/przedszkole12nowasol.pl\/wp-content\/uploads\/2021\/12\/IMG-20211209-WA0016-768x576.jpg 768w, https:\/\/przedszkole12nowasol.pl\/wp-content\/uploads\/2021\/12\/IMG-20211209-WA0016-1024x768.jpg 1024w, https:\/\/przedszkole12nowasol.pl\/wp-content\/uploads\/2021\/12\/IMG-20211209-WA0016-400x300.jpg 400w\" sizes=\"(max-width: 2048px) 100vw, 2048px\" \/><\/p>\n<p style=\"text-align: center;\"><span style=\"color: #ff0000;\"><strong><span style=\"font-size: 14pt;\">&#8220;\u015awi\u0119ty Miko\u0142aju,<\/span><\/strong><\/span><br \/>\n<span style=\"color: #ff0000;\"><strong><span style=\"font-size: 14pt;\">Na Ciebie czekamy.<\/span><\/strong><\/span><br \/>\n<span style=\"color: #ff0000;\"><strong><span style=\"font-size: 14pt;\">Przez okno zmarzni\u0119te<\/span><\/strong><\/span><br \/>\n<span style=\"color: #ff0000;\"><strong><span style=\"font-size: 14pt;\">Ci\u0105gle wygl\u0105damy.&#8221;<\/span><\/strong><\/span><\/p>\n<p><span style=\"font-size: 14pt; color: #000000;\">Sz\u00f3stego grudnia odwiedzi\u0142 nasze przedszkole wyczekiwany przez ka\u017cde dziecko go\u015b\u0107 &#8211;\u00a0<b>\u015awi\u0119ty Miko\u0142aj.<\/b>\u00a0Na spotkanie z nim przygotowywali\u015bmy si\u0119 od dawna, poznaj\u0105c jego histori\u0119, dobro\u0107 okazywan\u0105 poprzez obdarowywanie wszystkich prezentami, w szczeg\u00f3lno\u015bci dzieci. Wreszcie nadszed\u0142 upragniony dzie\u0144, na kt\u00f3ry przedszkolaki czeka\u0142y z ut\u0119sknieniem. Do naszego przedszkola przyby\u0142 \u015awi\u0119ty Miko\u0142aj. Wszystkie przedszkolaki bardzo prze\u017cywa\u0142y to spotkanie. Zaprezentowa\u0142y Miko\u0142ajkowi piosenk\u0119,\u00a0 rozmawia\u0142y z naszym go\u015bciem, a na ka\u017cdej buzi malowa\u0142 si\u0119 szeroki u\u015bmiech. <\/span><\/p>\n<p style=\"text-align: center;\"><strong><span style=\"font-size: 14pt; color: #ff0000;\">Dzi\u0119kujemy Ci \u015awi\u0119ty Miko\u0142aju za odwiedziny i wielki worek prezent\u00f3w. Do zobaczenia za rok!<\/span><\/strong><\/p>\n<p><span style=\"font-size: 14pt; color: #000000;\">Zapraszamy do obejrzenia zdj\u0119\u0107 w galerii w linku poni\u017cej:\u00a0<\/span><\/p>\n<p><span style=\"font-size: 14pt;\"><a href=\"https:\/\/photos.app.goo.gl\/fdkt6A8E2bFov9dJA\">https:\/\/photos.app.goo.gl\/fdkt6A8E2bFov9dJA<\/a><\/span><\/p>\n","protected":false},"excerpt":{"rendered":"<p>&#8220;\u015awi\u0119ty Miko\u0142aju, Na Ciebie czekamy. Przez okno zmarzni\u0119te Ci\u0105gle wygl\u0105damy.&#8221; Sz\u00f3stego grudnia odwiedzi\u0142 nasze przedszkole wyczekiwany przez ka\u017cde dziecko go\u015b\u0107 &#8211;\u00a0\u015awi\u0119ty Miko\u0142aj.\u00a0Na spotkanie z nim przygotowywali\u015bmy si\u0119 od dawna, poznaj\u0105c jego histori\u0119, dobro\u0107 okazywan\u0105 poprzez obdarowywanie wszystkich prezentami, w szczeg\u00f3lno\u015bci dzieci. Wreszcie nadszed\u0142 upragniony dzie\u0144, na kt\u00f3ry przedszkolaki czeka\u0142y z &hellip;<\/p>\n","protected":false},"author":1,"featured_media":0,"comment_status":"closed","ping_status":"open","sticky":false,"template":"","format":"standard","meta":{"footnotes":""},"categories":[17],"tags":[],"class_list":["post-2691","post","type-post","status-publish","format-standard","hentry","category-aktualnosci"],"_links":{"self":[{"href":"https:\/\/przedszkole12nowasol.pl\/index.php?rest_route=\/wp\/v2\/posts\/2691","targetHints":{"allow":["GET"]}}],"collection":[{"href":"https:\/\/przedszkole12nowasol.pl\/index.php?rest_route=\/wp\/v2\/posts"}],"about":[{"href":"https:\/\/przedszkole12nowasol.pl\/index.php?rest_route=\/wp\/v2\/types\/post"}],"author":[{"embeddable":true,"href":"https:\/\/przedszkole12nowasol.pl\/index.php?rest_route=\/wp\/v2\/users\/1"}],"replies":[{"embeddable":true,"href":"https:\/\/przedszkole12nowasol.pl\/index.php?rest_route=%2Fwp%2Fv2%2Fcomments&post=2691"}],"version-history":[{"count":1,"href":"https:\/\/przedszkole12nowasol.pl\/index.php?rest_route=\/wp\/v2\/posts\/2691\/revisions"}],"predecessor-version":[{"id":2693,"href":"https:\/\/przedszkole12nowasol.pl\/index.php?rest_route=\/wp\/v2\/posts\/2691\/revisions\/2693"}],"wp:attachment":[{"href":"https:\/\/przedszkole12nowasol.pl\/index.php?rest_route=%2Fwp%2Fv2%2Fmedia&parent=2691"}],"wp:term":[{"taxonomy":"category","embeddable":true,"href":"https:\/\/przedszkole12nowasol.pl\/index.php?rest_route=%2Fwp%2Fv2%2Fcategories&post=2691"},{"taxonomy":"post_tag","embeddable":true,"href":"https:\/\/przedszkole12nowasol.pl\/index.php?rest_route=%2Fwp%2Fv2%2Ftags&post=2691"}],"curies":[{"name":"wp","href":"https:\/\/api.w.org\/{rel}","templated":true}]}}