{"id":2709,"date":"2021-12-16T07:38:08","date_gmt":"2021-12-16T07:38:08","guid":{"rendered":"https:\/\/przedszkole12nowasol.pl\/?p=2709"},"modified":"2021-12-16T07:38:08","modified_gmt":"2021-12-16T07:38:08","slug":"wszyscy-dla-frania-kiermasz-swiateczny","status":"publish","type":"post","link":"https:\/\/przedszkole12nowasol.pl\/?p=2709","title":{"rendered":"Wszyscy dla Frania &#8211; kiermasz \u015bwi\u0105teczny"},"content":{"rendered":"<p><img fetchpriority=\"high\" decoding=\"async\" class=\"alignnone size-full wp-image-2710\" src=\"https:\/\/przedszkole12nowasol.pl\/wp-content\/uploads\/2021\/12\/20211216_081846.jpg\" alt=\"\" width=\"4128\" height=\"2322\" srcset=\"https:\/\/przedszkole12nowasol.pl\/wp-content\/uploads\/2021\/12\/20211216_081846.jpg 4128w, https:\/\/przedszkole12nowasol.pl\/wp-content\/uploads\/2021\/12\/20211216_081846-300x169.jpg 300w, https:\/\/przedszkole12nowasol.pl\/wp-content\/uploads\/2021\/12\/20211216_081846-768x432.jpg 768w, https:\/\/przedszkole12nowasol.pl\/wp-content\/uploads\/2021\/12\/20211216_081846-1024x576.jpg 1024w, https:\/\/przedszkole12nowasol.pl\/wp-content\/uploads\/2021\/12\/20211216_081846-533x300.jpg 533w\" sizes=\"(max-width: 4128px) 100vw, 4128px\" \/><\/p>\n<p style=\"text-align: center;\"><span style=\"color: #000000; font-size: 18pt;\"><strong>Od czwartku 16 grudnia w naszym przedszkolu odb\u0119dzie si\u0119 Kiermasz \u015bwi\u0105teczny. Ca\u0142y doch\u00f3d ze sprzeda\u017cy dekoracji \u015bwi\u0105tecznych zostanie przeznaczony na leczenie i rehabilitacj\u0119 naszego wychowanka Frania Terleckiego.\u00a0<\/strong><\/span><\/p>\n<p style=\"text-align: center;\"><span style=\"font-size: 18pt;\"><strong><span style=\"color: #ff0000;\">Serdecznie zapraszamy i dzi\u0119kujemy za okazane serce!<\/span><\/strong><\/span><\/p>\n","protected":false},"excerpt":{"rendered":"<p>Od czwartku 16 grudnia w naszym przedszkolu odb\u0119dzie si\u0119 Kiermasz \u015bwi\u0105teczny. Ca\u0142y doch\u00f3d ze sprzeda\u017cy dekoracji \u015bwi\u0105tecznych zostanie przeznaczony na leczenie i rehabilitacj\u0119 naszego wychowanka Frania Terleckiego.\u00a0 Serdecznie zapraszamy i dzi\u0119kujemy za okazane serce!<\/p>\n","protected":false},"author":1,"featured_media":0,"comment_status":"closed","ping_status":"open","sticky":false,"template":"","format":"standard","meta":{"footnotes":""},"categories":[17],"tags":[],"class_list":["post-2709","post","type-post","status-publish","format-standard","hentry","category-aktualnosci"],"_links":{"self":[{"href":"https:\/\/przedszkole12nowasol.pl\/index.php?rest_route=\/wp\/v2\/posts\/2709","targetHints":{"allow":["GET"]}}],"collection":[{"href":"https:\/\/przedszkole12nowasol.pl\/index.php?rest_route=\/wp\/v2\/posts"}],"about":[{"href":"https:\/\/przedszkole12nowasol.pl\/index.php?rest_route=\/wp\/v2\/types\/post"}],"author":[{"embeddable":true,"href":"https:\/\/przedszkole12nowasol.pl\/index.php?rest_route=\/wp\/v2\/users\/1"}],"replies":[{"embeddable":true,"href":"https:\/\/przedszkole12nowasol.pl\/index.php?rest_route=%2Fwp%2Fv2%2Fcomments&post=2709"}],"version-history":[{"count":1,"href":"https:\/\/przedszkole12nowasol.pl\/index.php?rest_route=\/wp\/v2\/posts\/2709\/revisions"}],"predecessor-version":[{"id":2711,"href":"https:\/\/przedszkole12nowasol.pl\/index.php?rest_route=\/wp\/v2\/posts\/2709\/revisions\/2711"}],"wp:attachment":[{"href":"https:\/\/przedszkole12nowasol.pl\/index.php?rest_route=%2Fwp%2Fv2%2Fmedia&parent=2709"}],"wp:term":[{"taxonomy":"category","embeddable":true,"href":"https:\/\/przedszkole12nowasol.pl\/index.php?rest_route=%2Fwp%2Fv2%2Fcategories&post=2709"},{"taxonomy":"post_tag","embeddable":true,"href":"https:\/\/przedszkole12nowasol.pl\/index.php?rest_route=%2Fwp%2Fv2%2Ftags&post=2709"}],"curies":[{"name":"wp","href":"https:\/\/api.w.org\/{rel}","templated":true}]}}