{"id":2721,"date":"2021-12-21T14:12:51","date_gmt":"2021-12-21T14:12:51","guid":{"rendered":"https:\/\/przedszkole12nowasol.pl\/?p=2721"},"modified":"2021-12-21T14:12:51","modified_gmt":"2021-12-21T14:12:51","slug":"wigilie-grupowe","status":"publish","type":"post","link":"https:\/\/przedszkole12nowasol.pl\/?p=2721","title":{"rendered":"Wigilie grupowe"},"content":{"rendered":"<p><img fetchpriority=\"high\" decoding=\"async\" class=\"alignnone size-full wp-image-2722\" src=\"https:\/\/przedszkole12nowasol.pl\/wp-content\/uploads\/2021\/12\/IMG-20211217-WA0011.jpg\" alt=\"\" width=\"1664\" height=\"936\" srcset=\"https:\/\/przedszkole12nowasol.pl\/wp-content\/uploads\/2021\/12\/IMG-20211217-WA0011.jpg 1664w, https:\/\/przedszkole12nowasol.pl\/wp-content\/uploads\/2021\/12\/IMG-20211217-WA0011-300x169.jpg 300w, https:\/\/przedszkole12nowasol.pl\/wp-content\/uploads\/2021\/12\/IMG-20211217-WA0011-768x432.jpg 768w, https:\/\/przedszkole12nowasol.pl\/wp-content\/uploads\/2021\/12\/IMG-20211217-WA0011-1024x576.jpg 1024w, https:\/\/przedszkole12nowasol.pl\/wp-content\/uploads\/2021\/12\/IMG-20211217-WA0011-533x300.jpg 533w\" sizes=\"(max-width: 1664px) 100vw, 1664px\" \/><\/p>\n<p style=\"text-align: center;\"><span style=\"color: #000000; font-size: 14pt;\">W ostatnim czasie odbywa\u0142y si\u0119 w naszym przedszkolu wigilie grupowe. Wszystkie dzieci w tym dniu pi\u0119knie si\u0119 ubra\u0142y i przynios\u0142y rozmaite smako\u0142yki. Nast\u0119pnie pomog\u0142y w przystrojeniu wigilijnego sto\u0142u. Po przygotowaniach podzieli\u0142y si\u0119 op\u0142atkiem, z\u0142o\u017cy\u0142y sobie \u017cyczenia i wsp\u00f3lnie kol\u0119dowa\u0142y przy pi\u0119knie przystrojonej choince. P\u00f3\u017aniej wsp\u00f3lnie zasiad\u0142y przy stole, by pocz\u0119stowa\u0107 si\u0119 przygotowanymi smako\u0142ykami. Ca\u0142a uroczysto\u015b\u0107 przebieg\u0142a w\u00a0bardzo mi\u0142ej atmosferze, poniewa\u017c tego typu spotkania nios\u0105 zawsze ze sob\u0105 rado\u015b\u0107 i\u00a0u\u015bmiech dziecka, wprowadzaj\u0105 \u015bwi\u0105teczny nastr\u00f3j oraz pomagaj\u0105 w\u00a0integracji dzieci.<\/span><\/p>\n<p style=\"text-align: center;\"><span style=\"font-size: 14pt; color: #008000;\"><strong>Dzi\u0119kujemy rodzicom za pomoc w organizacji Wigilii grupowych!\u00a0<\/strong><\/span><\/p>\n<p><span style=\"font-size: 14pt; color: #000000;\">Zapraszamy do obejrzenia zdj\u0119\u0107 w galerii w linku poni\u017cej:\u00a0<\/span><\/p>\n<p><span style=\"font-size: 14pt;\"><a href=\"https:\/\/photos.app.goo.gl\/fFLuRGE5NYPSjPWKA\">https:\/\/photos.app.goo.gl\/fFLuRGE5NYPSjPWKA<\/a><\/span><\/p>\n","protected":false},"excerpt":{"rendered":"<p>W ostatnim czasie odbywa\u0142y si\u0119 w naszym przedszkolu wigilie grupowe. Wszystkie dzieci w tym dniu pi\u0119knie si\u0119 ubra\u0142y i przynios\u0142y rozmaite smako\u0142yki. Nast\u0119pnie pomog\u0142y w przystrojeniu wigilijnego sto\u0142u. Po przygotowaniach podzieli\u0142y si\u0119 op\u0142atkiem, z\u0142o\u017cy\u0142y sobie \u017cyczenia i wsp\u00f3lnie kol\u0119dowa\u0142y przy pi\u0119knie przystrojonej choince. P\u00f3\u017aniej wsp\u00f3lnie zasiad\u0142y przy stole, by pocz\u0119stowa\u0107 &hellip;<\/p>\n","protected":false},"author":1,"featured_media":0,"comment_status":"closed","ping_status":"open","sticky":false,"template":"","format":"standard","meta":{"footnotes":""},"categories":[17],"tags":[],"class_list":["post-2721","post","type-post","status-publish","format-standard","hentry","category-aktualnosci"],"_links":{"self":[{"href":"https:\/\/przedszkole12nowasol.pl\/index.php?rest_route=\/wp\/v2\/posts\/2721","targetHints":{"allow":["GET"]}}],"collection":[{"href":"https:\/\/przedszkole12nowasol.pl\/index.php?rest_route=\/wp\/v2\/posts"}],"about":[{"href":"https:\/\/przedszkole12nowasol.pl\/index.php?rest_route=\/wp\/v2\/types\/post"}],"author":[{"embeddable":true,"href":"https:\/\/przedszkole12nowasol.pl\/index.php?rest_route=\/wp\/v2\/users\/1"}],"replies":[{"embeddable":true,"href":"https:\/\/przedszkole12nowasol.pl\/index.php?rest_route=%2Fwp%2Fv2%2Fcomments&post=2721"}],"version-history":[{"count":2,"href":"https:\/\/przedszkole12nowasol.pl\/index.php?rest_route=\/wp\/v2\/posts\/2721\/revisions"}],"predecessor-version":[{"id":2724,"href":"https:\/\/przedszkole12nowasol.pl\/index.php?rest_route=\/wp\/v2\/posts\/2721\/revisions\/2724"}],"wp:attachment":[{"href":"https:\/\/przedszkole12nowasol.pl\/index.php?rest_route=%2Fwp%2Fv2%2Fmedia&parent=2721"}],"wp:term":[{"taxonomy":"category","embeddable":true,"href":"https:\/\/przedszkole12nowasol.pl\/index.php?rest_route=%2Fwp%2Fv2%2Fcategories&post=2721"},{"taxonomy":"post_tag","embeddable":true,"href":"https:\/\/przedszkole12nowasol.pl\/index.php?rest_route=%2Fwp%2Fv2%2Ftags&post=2721"}],"curies":[{"name":"wp","href":"https:\/\/api.w.org\/{rel}","templated":true}]}}