{"id":2860,"date":"2022-05-12T15:14:17","date_gmt":"2022-05-12T15:14:17","guid":{"rendered":"https:\/\/przedszkole12nowasol.pl\/?p=2860"},"modified":"2022-05-12T15:14:17","modified_gmt":"2022-05-12T15:14:17","slug":"male-sledztwo-w-wielkiej-sprawie","status":"publish","type":"post","link":"https:\/\/przedszkole12nowasol.pl\/?p=2860","title":{"rendered":"&#8220;Ma\u0142e \u015bledztwo w wielkiej sprawie&#8221;"},"content":{"rendered":"<p><img fetchpriority=\"high\" decoding=\"async\" class=\"alignnone size-full wp-image-2861\" src=\"https:\/\/przedszkole12nowasol.pl\/wp-content\/uploads\/2022\/05\/IMG-20220511-WA0009.jpg\" alt=\"\" width=\"1434\" height=\"641\" srcset=\"https:\/\/przedszkole12nowasol.pl\/wp-content\/uploads\/2022\/05\/IMG-20220511-WA0009.jpg 1434w, https:\/\/przedszkole12nowasol.pl\/wp-content\/uploads\/2022\/05\/IMG-20220511-WA0009-300x134.jpg 300w, https:\/\/przedszkole12nowasol.pl\/wp-content\/uploads\/2022\/05\/IMG-20220511-WA0009-768x343.jpg 768w, https:\/\/przedszkole12nowasol.pl\/wp-content\/uploads\/2022\/05\/IMG-20220511-WA0009-1024x458.jpg 1024w, https:\/\/przedszkole12nowasol.pl\/wp-content\/uploads\/2022\/05\/IMG-20220511-WA0009-671x300.jpg 671w\" sizes=\"(max-width: 1434px) 100vw, 1434px\" \/><\/p>\n<p><span style=\"font-size: 14pt; color: #000000;\">W \u015brod\u0119 11.05.2022r. go\u015bcili\u015bmy w naszym przedszkolu aktor\u00f3w z pozna\u0144skiej Pracowni Za Piecem. Dzieci bra\u0142y udzia\u0142 w przedstawieniu teatralnym pt. &#8220;Ma\u0142e \u015bledztwo w wielkiej sprawie&#8221;. Organizatorem projektu jest Zwi\u0105zek Mi\u0119dzygminny Eko-Przysz\u0142o\u015b\u0107 z Nowej Soli, a dzia\u0142ania wsp\u00f3\u0142finansowane przez Wojew\u00f3dzki Fundusz Ochrony \u015arodowiska i Gospodarki Wodnej w Zielonej G\u00f3rze. Tematem spektaklu by\u0142a segregacja odpad\u00f3w. Bohaterowie teatrzyku &#8211; pan detektyw, kosze, myszka, pani ekolog i ma\u0142a Mela pomog\u0142y dzieciom zapozna\u0107 si\u0119 lub utrwali\u0107 wcze\u015bniej zdobyte informacje dotycz\u0105ce tego w\u0142a\u015bnie tematu. Teatrzyk wywo\u0142a\u0142 niema\u0142e zainteresowanie u naszych przedszkolak\u00f3w. Po sko\u0144czonym spektaklu dzieci mog\u0142y zrobi\u0107 sobie zdj\u0119cie z aktorami oraz otrzyma\u0142y ekologiczne kolorowanki i zagadki utrwalaj\u0105ce zdobyt\u0105 wiedz\u0119.\u00a0<\/span><\/p>\n<p><span style=\"font-size: 14pt; color: #000000;\">Zapraszamy do obejrzenia zdj\u0119\u0107 w galerii w linku poni\u017cej: <\/span><\/p>\n<p><span style=\"font-size: 14pt;\"><a href=\"https:\/\/photos.app.goo.gl\/EyS4hn1Mbbno5GoJ6\">https:\/\/photos.app.goo.gl\/EyS4hn1Mbbno5GoJ6<\/a><\/span><\/p>\n","protected":false},"excerpt":{"rendered":"<p>W \u015brod\u0119 11.05.2022r. go\u015bcili\u015bmy w naszym przedszkolu aktor\u00f3w z pozna\u0144skiej Pracowni Za Piecem. Dzieci bra\u0142y udzia\u0142 w przedstawieniu teatralnym pt. &#8220;Ma\u0142e \u015bledztwo w wielkiej sprawie&#8221;. Organizatorem projektu jest Zwi\u0105zek Mi\u0119dzygminny Eko-Przysz\u0142o\u015b\u0107 z Nowej Soli, a dzia\u0142ania wsp\u00f3\u0142finansowane przez Wojew\u00f3dzki Fundusz Ochrony \u015arodowiska i Gospodarki Wodnej w Zielonej G\u00f3rze. Tematem spektaklu &hellip;<\/p>\n","protected":false},"author":1,"featured_media":0,"comment_status":"closed","ping_status":"open","sticky":false,"template":"","format":"standard","meta":{"footnotes":""},"categories":[17],"tags":[],"class_list":["post-2860","post","type-post","status-publish","format-standard","hentry","category-aktualnosci"],"_links":{"self":[{"href":"https:\/\/przedszkole12nowasol.pl\/index.php?rest_route=\/wp\/v2\/posts\/2860","targetHints":{"allow":["GET"]}}],"collection":[{"href":"https:\/\/przedszkole12nowasol.pl\/index.php?rest_route=\/wp\/v2\/posts"}],"about":[{"href":"https:\/\/przedszkole12nowasol.pl\/index.php?rest_route=\/wp\/v2\/types\/post"}],"author":[{"embeddable":true,"href":"https:\/\/przedszkole12nowasol.pl\/index.php?rest_route=\/wp\/v2\/users\/1"}],"replies":[{"embeddable":true,"href":"https:\/\/przedszkole12nowasol.pl\/index.php?rest_route=%2Fwp%2Fv2%2Fcomments&post=2860"}],"version-history":[{"count":1,"href":"https:\/\/przedszkole12nowasol.pl\/index.php?rest_route=\/wp\/v2\/posts\/2860\/revisions"}],"predecessor-version":[{"id":2862,"href":"https:\/\/przedszkole12nowasol.pl\/index.php?rest_route=\/wp\/v2\/posts\/2860\/revisions\/2862"}],"wp:attachment":[{"href":"https:\/\/przedszkole12nowasol.pl\/index.php?rest_route=%2Fwp%2Fv2%2Fmedia&parent=2860"}],"wp:term":[{"taxonomy":"category","embeddable":true,"href":"https:\/\/przedszkole12nowasol.pl\/index.php?rest_route=%2Fwp%2Fv2%2Fcategories&post=2860"},{"taxonomy":"post_tag","embeddable":true,"href":"https:\/\/przedszkole12nowasol.pl\/index.php?rest_route=%2Fwp%2Fv2%2Ftags&post=2860"}],"curies":[{"name":"wp","href":"https:\/\/api.w.org\/{rel}","templated":true}]}}