{"id":2866,"date":"2022-05-18T15:07:51","date_gmt":"2022-05-18T15:07:51","guid":{"rendered":"https:\/\/przedszkole12nowasol.pl\/?p=2866"},"modified":"2022-05-18T15:07:51","modified_gmt":"2022-05-18T15:07:51","slug":"szkola-muzyczna-z-wizyta-w-przedszkolu","status":"publish","type":"post","link":"https:\/\/przedszkole12nowasol.pl\/?p=2866","title":{"rendered":"Szko\u0142a Muzyczna z wizyt\u0105 w przedszkolu"},"content":{"rendered":"<p><img fetchpriority=\"high\" decoding=\"async\" class=\"alignnone size-full wp-image-2867\" src=\"https:\/\/przedszkole12nowasol.pl\/wp-content\/uploads\/2022\/05\/IMG-20220517-WA0002.jpg\" alt=\"\" width=\"1664\" height=\"936\" srcset=\"https:\/\/przedszkole12nowasol.pl\/wp-content\/uploads\/2022\/05\/IMG-20220517-WA0002.jpg 1664w, https:\/\/przedszkole12nowasol.pl\/wp-content\/uploads\/2022\/05\/IMG-20220517-WA0002-300x169.jpg 300w, https:\/\/przedszkole12nowasol.pl\/wp-content\/uploads\/2022\/05\/IMG-20220517-WA0002-768x432.jpg 768w, https:\/\/przedszkole12nowasol.pl\/wp-content\/uploads\/2022\/05\/IMG-20220517-WA0002-1024x576.jpg 1024w, https:\/\/przedszkole12nowasol.pl\/wp-content\/uploads\/2022\/05\/IMG-20220517-WA0002-533x300.jpg 533w\" sizes=\"(max-width: 1664px) 100vw, 1664px\" \/><\/p>\n<p><span style=\"font-size: 14pt; color: #000000;\">Dnia 17.05.2022r. 6-latki, czyli \u017babki i Krasnoludki go\u015bci\u0142y u siebie go\u015bci z nowosolskiej Szko\u0142y Muzycznej. Dzieci wzi\u0119\u0142y udzia\u0142 w przygotowanym przez muzyk\u00f3w mini koncercie pt.&#8221;Smerfetna bajka o wiolonczeli i klarnecie&#8221;. Przedszkolaki z zainteresowaniem \u015bledzi\u0142y losy bohater\u00f3w przy d\u017awi\u0119kach pi\u0119knej muzyki.\u00a0<\/span><\/p>\n<p><span style=\"font-size: 14pt; color: #000000;\">Zapraszamy do obejrzenia zdj\u0119\u0107 w galerii w linku poni\u017cej:\u00a0<\/span><\/p>\n<p><span style=\"font-size: 14pt;\"><a href=\"https:\/\/photos.app.goo.gl\/brZiuxmeNvPJFSRK6\">https:\/\/photos.app.goo.gl\/brZiuxmeNvPJFSRK6<\/a><\/span><\/p>\n","protected":false},"excerpt":{"rendered":"<p>Dnia 17.05.2022r. 6-latki, czyli \u017babki i Krasnoludki go\u015bci\u0142y u siebie go\u015bci z nowosolskiej Szko\u0142y Muzycznej. Dzieci wzi\u0119\u0142y udzia\u0142 w przygotowanym przez muzyk\u00f3w mini koncercie pt.&#8221;Smerfetna bajka o wiolonczeli i klarnecie&#8221;. Przedszkolaki z zainteresowaniem \u015bledzi\u0142y losy bohater\u00f3w przy d\u017awi\u0119kach pi\u0119knej muzyki.\u00a0 Zapraszamy do obejrzenia zdj\u0119\u0107 w galerii w linku poni\u017cej:\u00a0 https:\/\/photos.app.goo.gl\/brZiuxmeNvPJFSRK6<\/p>\n","protected":false},"author":1,"featured_media":0,"comment_status":"closed","ping_status":"open","sticky":false,"template":"","format":"standard","meta":{"footnotes":""},"categories":[17],"tags":[],"class_list":["post-2866","post","type-post","status-publish","format-standard","hentry","category-aktualnosci"],"_links":{"self":[{"href":"https:\/\/przedszkole12nowasol.pl\/index.php?rest_route=\/wp\/v2\/posts\/2866","targetHints":{"allow":["GET"]}}],"collection":[{"href":"https:\/\/przedszkole12nowasol.pl\/index.php?rest_route=\/wp\/v2\/posts"}],"about":[{"href":"https:\/\/przedszkole12nowasol.pl\/index.php?rest_route=\/wp\/v2\/types\/post"}],"author":[{"embeddable":true,"href":"https:\/\/przedszkole12nowasol.pl\/index.php?rest_route=\/wp\/v2\/users\/1"}],"replies":[{"embeddable":true,"href":"https:\/\/przedszkole12nowasol.pl\/index.php?rest_route=%2Fwp%2Fv2%2Fcomments&post=2866"}],"version-history":[{"count":1,"href":"https:\/\/przedszkole12nowasol.pl\/index.php?rest_route=\/wp\/v2\/posts\/2866\/revisions"}],"predecessor-version":[{"id":2868,"href":"https:\/\/przedszkole12nowasol.pl\/index.php?rest_route=\/wp\/v2\/posts\/2866\/revisions\/2868"}],"wp:attachment":[{"href":"https:\/\/przedszkole12nowasol.pl\/index.php?rest_route=%2Fwp%2Fv2%2Fmedia&parent=2866"}],"wp:term":[{"taxonomy":"category","embeddable":true,"href":"https:\/\/przedszkole12nowasol.pl\/index.php?rest_route=%2Fwp%2Fv2%2Fcategories&post=2866"},{"taxonomy":"post_tag","embeddable":true,"href":"https:\/\/przedszkole12nowasol.pl\/index.php?rest_route=%2Fwp%2Fv2%2Ftags&post=2866"}],"curies":[{"name":"wp","href":"https:\/\/api.w.org\/{rel}","templated":true}]}}