{"id":2870,"date":"2022-05-25T14:21:44","date_gmt":"2022-05-25T14:21:44","guid":{"rendered":"https:\/\/przedszkole12nowasol.pl\/?p=2870"},"modified":"2022-05-25T14:21:44","modified_gmt":"2022-05-25T14:21:44","slug":"spotkanie-z-higienistka-stomatologiczna","status":"publish","type":"post","link":"https:\/\/przedszkole12nowasol.pl\/?p=2870","title":{"rendered":"Spotkanie z higienistk\u0105 stomatologiczn\u0105"},"content":{"rendered":"<p><img fetchpriority=\"high\" decoding=\"async\" class=\"alignnone size-full wp-image-2871\" src=\"https:\/\/przedszkole12nowasol.pl\/wp-content\/uploads\/2022\/05\/IMG20220518090545.jpg\" alt=\"\" width=\"4160\" height=\"3120\" srcset=\"https:\/\/przedszkole12nowasol.pl\/wp-content\/uploads\/2022\/05\/IMG20220518090545.jpg 4160w, https:\/\/przedszkole12nowasol.pl\/wp-content\/uploads\/2022\/05\/IMG20220518090545-300x225.jpg 300w, https:\/\/przedszkole12nowasol.pl\/wp-content\/uploads\/2022\/05\/IMG20220518090545-768x576.jpg 768w, https:\/\/przedszkole12nowasol.pl\/wp-content\/uploads\/2022\/05\/IMG20220518090545-1024x768.jpg 1024w, https:\/\/przedszkole12nowasol.pl\/wp-content\/uploads\/2022\/05\/IMG20220518090545-400x300.jpg 400w\" sizes=\"(max-width: 4160px) 100vw, 4160px\" \/><\/p>\n<p style=\"line-height: 115%; background: white; margin: 0cm 0cm 7.5pt 0cm;\"><span style=\"font-size: 14pt; color: #000000;\">O tym jak dba\u0107 o higien\u0119 jamy ustnej, jak\u00a0 prawid\u0142owo szczotkowa\u0107 z\u0119by, jak wygl\u0105da wizyta u dentysty i w jaki spos\u00f3b dentysta leczy nasze z\u0105bki dzieci dowiedzia\u0142y si\u0119 od Pani Sylwii \u2013 cioci Mateusza, kt\u00f3ra pracujejako higienistka w gabinecie stomatologicznym. \u017babki dowiedzia\u0142y si\u0119 co s\u0142u\u017cy, a co szkodzi z\u0119bom mlecznym i sta\u0142ym. Z uwag\u0105 obserwowa\u0142y r\u00f3wnie\u017c prezentacj\u0119 prawid\u0142owego mycia z\u0105bk\u00f3w i pod kontrol\u0105 naszego go\u015bcia podejmowa\u0142y pr\u00f3by ich szczotkowania. Na zako\u0144czenie wizyty otrzyma\u0142y mi\u0142\u0105 niespodziank\u0119 w postaci <\/span><a name=\"_GoBack\"><\/a><span style=\"font-size: 14pt; color: #000000;\">kalendarza mycia z\u0119b\u00f3w i kolorowanki.\u00a0<\/span><br \/>\n<span style=\"font-size: 14pt; color: #000000;\">Bardzo dzi\u0119kujemy Pani Sylwii za\u00a0 pouczaj\u0105ce i interesuj\u0105ce spotkanie, kt\u00f3re z pewno\u015bci\u0105 zach\u0119ci\u0142o naszych przedszkolak\u00f3w do odwiedzenia gabinetu stomatologicznego i\u00a0 prze\u0142amaniem strachu przed wizyt\u0105 u dentysty. Mamy nadziej\u0119, \u017ce po tej wizycie i zdobytych wiadomo\u015bciach dzieci b\u0119d\u0105 codziennie my\u0107 z\u0105bki i o nie dba\u0107.<\/span><\/p>\n<p><span style=\"font-size: 14pt; color: #000000;\">Zapraszamy do obejrzenia zdj\u0119\u0107 w galerii w linku poni\u017cej:\u00a0<\/span><\/p>\n<p><span style=\"font-size: 14pt;\"><a href=\"https:\/\/photos.app.goo.gl\/wwDDnrhack1N82Qs7\">https:\/\/photos.app.goo.gl\/wwDDnrhack1N82Qs7<\/a><\/span><\/p>\n","protected":false},"excerpt":{"rendered":"<p>O tym jak dba\u0107 o higien\u0119 jamy ustnej, jak\u00a0 prawid\u0142owo szczotkowa\u0107 z\u0119by, jak wygl\u0105da wizyta u dentysty i w jaki spos\u00f3b dentysta leczy nasze z\u0105bki dzieci dowiedzia\u0142y si\u0119 od Pani Sylwii \u2013 cioci Mateusza, kt\u00f3ra pracujejako higienistka w gabinecie stomatologicznym. \u017babki dowiedzia\u0142y si\u0119 co s\u0142u\u017cy, a co szkodzi z\u0119bom mlecznym &hellip;<\/p>\n","protected":false},"author":1,"featured_media":0,"comment_status":"closed","ping_status":"open","sticky":false,"template":"","format":"standard","meta":{"footnotes":""},"categories":[17],"tags":[],"class_list":["post-2870","post","type-post","status-publish","format-standard","hentry","category-aktualnosci"],"_links":{"self":[{"href":"https:\/\/przedszkole12nowasol.pl\/index.php?rest_route=\/wp\/v2\/posts\/2870","targetHints":{"allow":["GET"]}}],"collection":[{"href":"https:\/\/przedszkole12nowasol.pl\/index.php?rest_route=\/wp\/v2\/posts"}],"about":[{"href":"https:\/\/przedszkole12nowasol.pl\/index.php?rest_route=\/wp\/v2\/types\/post"}],"author":[{"embeddable":true,"href":"https:\/\/przedszkole12nowasol.pl\/index.php?rest_route=\/wp\/v2\/users\/1"}],"replies":[{"embeddable":true,"href":"https:\/\/przedszkole12nowasol.pl\/index.php?rest_route=%2Fwp%2Fv2%2Fcomments&post=2870"}],"version-history":[{"count":1,"href":"https:\/\/przedszkole12nowasol.pl\/index.php?rest_route=\/wp\/v2\/posts\/2870\/revisions"}],"predecessor-version":[{"id":2872,"href":"https:\/\/przedszkole12nowasol.pl\/index.php?rest_route=\/wp\/v2\/posts\/2870\/revisions\/2872"}],"wp:attachment":[{"href":"https:\/\/przedszkole12nowasol.pl\/index.php?rest_route=%2Fwp%2Fv2%2Fmedia&parent=2870"}],"wp:term":[{"taxonomy":"category","embeddable":true,"href":"https:\/\/przedszkole12nowasol.pl\/index.php?rest_route=%2Fwp%2Fv2%2Fcategories&post=2870"},{"taxonomy":"post_tag","embeddable":true,"href":"https:\/\/przedszkole12nowasol.pl\/index.php?rest_route=%2Fwp%2Fv2%2Ftags&post=2870"}],"curies":[{"name":"wp","href":"https:\/\/api.w.org\/{rel}","templated":true}]}}