{"id":2884,"date":"2022-05-31T17:07:37","date_gmt":"2022-05-31T17:07:37","guid":{"rendered":"https:\/\/przedszkole12nowasol.pl\/?p=2884"},"modified":"2022-05-31T17:07:37","modified_gmt":"2022-05-31T17:07:37","slug":"dzien-mamy-i-taty","status":"publish","type":"post","link":"https:\/\/przedszkole12nowasol.pl\/?p=2884","title":{"rendered":"Dzie\u0144 Mamy i Taty"},"content":{"rendered":"<p><img fetchpriority=\"high\" decoding=\"async\" class=\"alignnone size-full wp-image-2885\" src=\"https:\/\/przedszkole12nowasol.pl\/wp-content\/uploads\/2022\/05\/282279820_1212728092838091_7152662064666100796_n.jpg\" alt=\"\" width=\"4032\" height=\"3024\" srcset=\"https:\/\/przedszkole12nowasol.pl\/wp-content\/uploads\/2022\/05\/282279820_1212728092838091_7152662064666100796_n.jpg 4032w, https:\/\/przedszkole12nowasol.pl\/wp-content\/uploads\/2022\/05\/282279820_1212728092838091_7152662064666100796_n-300x225.jpg 300w, https:\/\/przedszkole12nowasol.pl\/wp-content\/uploads\/2022\/05\/282279820_1212728092838091_7152662064666100796_n-768x576.jpg 768w, https:\/\/przedszkole12nowasol.pl\/wp-content\/uploads\/2022\/05\/282279820_1212728092838091_7152662064666100796_n-1024x768.jpg 1024w, https:\/\/przedszkole12nowasol.pl\/wp-content\/uploads\/2022\/05\/282279820_1212728092838091_7152662064666100796_n-400x300.jpg 400w\" sizes=\"(max-width: 4032px) 100vw, 4032px\" \/><\/p>\n<p style=\"text-align: center;\"><span style=\"font-size: 14pt; color: #800080;\"><strong>&#8220;Mamo, Tato, razem z Wami<br \/>\nw \u015bwiat bezpiecznie wyruszamy.<br \/>\nDzi\u0119kujemy Wam za wszystko!<br \/>\nDobrze, \u017ce jeste\u015bcie blisko.&#8221;<\/strong><\/span><\/p>\n<p><span style=\"color: #000000; font-size: 14pt;\">Na koniec maja we wszystkich grupach wiekowych odby\u0142a si\u0119 uroczysto\u015b\u0107 z okazji Dnia Mamy i Taty. Cieszymy, \u017ce po przerwie zwi\u0105zanej z sytuacj\u0105 pandemiczn\u0105, mogli\u015bmy go\u015bci\u0107 Pa\u0144stwa w przedszkolu i przedstawienia odby\u0142y si\u0119 z udzia\u0142em najwa\u017cniejszej dla dzieci publiczno\u015bci. By\u0142o to dla nich nie lada prze\u017cycie. Ka\u017cda grupa od d\u0142u\u017cszego czasu przygotowywa\u0142a si\u0119 do tego wydarzenia. Dzieci po zaprezentowanym monta\u017cu s\u0142owno-muzycznym wr\u0119czy\u0142y rodzicom w\u0142asnor\u0119cznie wykonane prezenty.<\/span><\/p>\n<p><span style=\"color: #000000; font-size: 14pt;\">Zapraszamy do obejrzenia zdj\u0119\u0107 w galerii w linku poni\u017cej: <\/span><\/p>\n<p><span style=\"font-size: 14pt;\"><a href=\"https:\/\/photos.app.goo.gl\/4Zm34tXSHYSVEdga8\">https:\/\/photos.app.goo.gl\/4Zm34tXSHYSVEdga8<\/a><\/span><\/p>\n","protected":false},"excerpt":{"rendered":"<p>&#8220;Mamo, Tato, razem z Wami w \u015bwiat bezpiecznie wyruszamy. Dzi\u0119kujemy Wam za wszystko! Dobrze, \u017ce jeste\u015bcie blisko.&#8221; Na koniec maja we wszystkich grupach wiekowych odby\u0142a si\u0119 uroczysto\u015b\u0107 z okazji Dnia Mamy i Taty. Cieszymy, \u017ce po przerwie zwi\u0105zanej z sytuacj\u0105 pandemiczn\u0105, mogli\u015bmy go\u015bci\u0107 Pa\u0144stwa w przedszkolu i przedstawienia odby\u0142y si\u0119 &hellip;<\/p>\n","protected":false},"author":1,"featured_media":0,"comment_status":"closed","ping_status":"open","sticky":false,"template":"","format":"standard","meta":{"footnotes":""},"categories":[17],"tags":[],"class_list":["post-2884","post","type-post","status-publish","format-standard","hentry","category-aktualnosci"],"_links":{"self":[{"href":"https:\/\/przedszkole12nowasol.pl\/index.php?rest_route=\/wp\/v2\/posts\/2884","targetHints":{"allow":["GET"]}}],"collection":[{"href":"https:\/\/przedszkole12nowasol.pl\/index.php?rest_route=\/wp\/v2\/posts"}],"about":[{"href":"https:\/\/przedszkole12nowasol.pl\/index.php?rest_route=\/wp\/v2\/types\/post"}],"author":[{"embeddable":true,"href":"https:\/\/przedszkole12nowasol.pl\/index.php?rest_route=\/wp\/v2\/users\/1"}],"replies":[{"embeddable":true,"href":"https:\/\/przedszkole12nowasol.pl\/index.php?rest_route=%2Fwp%2Fv2%2Fcomments&post=2884"}],"version-history":[{"count":1,"href":"https:\/\/przedszkole12nowasol.pl\/index.php?rest_route=\/wp\/v2\/posts\/2884\/revisions"}],"predecessor-version":[{"id":2886,"href":"https:\/\/przedszkole12nowasol.pl\/index.php?rest_route=\/wp\/v2\/posts\/2884\/revisions\/2886"}],"wp:attachment":[{"href":"https:\/\/przedszkole12nowasol.pl\/index.php?rest_route=%2Fwp%2Fv2%2Fmedia&parent=2884"}],"wp:term":[{"taxonomy":"category","embeddable":true,"href":"https:\/\/przedszkole12nowasol.pl\/index.php?rest_route=%2Fwp%2Fv2%2Fcategories&post=2884"},{"taxonomy":"post_tag","embeddable":true,"href":"https:\/\/przedszkole12nowasol.pl\/index.php?rest_route=%2Fwp%2Fv2%2Ftags&post=2884"}],"curies":[{"name":"wp","href":"https:\/\/api.w.org\/{rel}","templated":true}]}}