{"id":2887,"date":"2022-05-31T17:30:05","date_gmt":"2022-05-31T17:30:05","guid":{"rendered":"https:\/\/przedszkole12nowasol.pl\/?p=2887"},"modified":"2022-05-31T17:30:05","modified_gmt":"2022-05-31T17:30:05","slug":"sprintem-do-maratonu-2","status":"publish","type":"post","link":"https:\/\/przedszkole12nowasol.pl\/?p=2887","title":{"rendered":"Sprintem do maratonu"},"content":{"rendered":"<p><img fetchpriority=\"high\" decoding=\"async\" class=\"alignnone size-full wp-image-2889\" src=\"https:\/\/przedszkole12nowasol.pl\/wp-content\/uploads\/2022\/05\/20220530_115047.jpg\" alt=\"\" width=\"4032\" height=\"2268\" srcset=\"https:\/\/przedszkole12nowasol.pl\/wp-content\/uploads\/2022\/05\/20220530_115047.jpg 4032w, https:\/\/przedszkole12nowasol.pl\/wp-content\/uploads\/2022\/05\/20220530_115047-300x169.jpg 300w, https:\/\/przedszkole12nowasol.pl\/wp-content\/uploads\/2022\/05\/20220530_115047-768x432.jpg 768w, https:\/\/przedszkole12nowasol.pl\/wp-content\/uploads\/2022\/05\/20220530_115047-1024x576.jpg 1024w, https:\/\/przedszkole12nowasol.pl\/wp-content\/uploads\/2022\/05\/20220530_115047-533x300.jpg 533w\" sizes=\"(max-width: 4032px) 100vw, 4032px\" \/><\/p>\n<p style=\"text-align: center;\"><span style=\"font-size: 14pt; color: #000000;\">Dnia 30.05.2022r. nasze przedszkole wzi\u0119\u0142o udzia\u0142 w VIII Og\u00f3lnopolskim Maratonie Przedszkolak\u00f3w \u201eSprintem do maratonu\u201d. Wszystkie grupy uda\u0142y si\u0119 na pobliskie boisko \u201eOrlik\u201d, by do\u0142\u0105czy\u0107 do krajowej grupy ma\u0142ych marato\u0144czyk\u00f3w. Ka\u017cdy z naszych przedszkolak\u00f3w znakomicie poradzi\u0142 sobie z tym sportowym zadaniem. Wydarzeniu towarzyszy\u0142a \u017cyczliwa atmosfera. Nie zabrak\u0142o wsp\u00f3lnego kibicowania i dopingowania si\u0119. Na mecie na ka\u017cdego m\u0142odego marato\u0144czyka czeka\u0142y specjalnie przygotowane medale. Wsp\u00f3lnie sp\u0119dzony na \u015bwie\u017cym powietrzu czas dostarczy\u0142 nam wielu radosnych sportowych prze\u017cy\u0107.<\/span><\/p>\n<p><span style=\"font-size: 14pt; color: #000000;\">Zapraszamy do obejrzenia zdj\u0119\u0107 w galerii w linku poni\u017cej:\u00a0<\/span><\/p>\n<p><span style=\"font-size: 14pt;\"><a href=\"https:\/\/photos.app.goo.gl\/hapWjnDzfRfwvnJo6\">https:\/\/photos.app.goo.gl\/hapWjnDzfRfwvnJo6<\/a><\/span><\/p>\n","protected":false},"excerpt":{"rendered":"<p>Dnia 30.05.2022r. nasze przedszkole wzi\u0119\u0142o udzia\u0142 w VIII Og\u00f3lnopolskim Maratonie Przedszkolak\u00f3w \u201eSprintem do maratonu\u201d. Wszystkie grupy uda\u0142y si\u0119 na pobliskie boisko \u201eOrlik\u201d, by do\u0142\u0105czy\u0107 do krajowej grupy ma\u0142ych marato\u0144czyk\u00f3w. Ka\u017cdy z naszych przedszkolak\u00f3w znakomicie poradzi\u0142 sobie z tym sportowym zadaniem. Wydarzeniu towarzyszy\u0142a \u017cyczliwa atmosfera. Nie zabrak\u0142o wsp\u00f3lnego kibicowania i dopingowania &hellip;<\/p>\n","protected":false},"author":1,"featured_media":0,"comment_status":"closed","ping_status":"open","sticky":false,"template":"","format":"standard","meta":{"footnotes":""},"categories":[17],"tags":[],"class_list":["post-2887","post","type-post","status-publish","format-standard","hentry","category-aktualnosci"],"_links":{"self":[{"href":"https:\/\/przedszkole12nowasol.pl\/index.php?rest_route=\/wp\/v2\/posts\/2887","targetHints":{"allow":["GET"]}}],"collection":[{"href":"https:\/\/przedszkole12nowasol.pl\/index.php?rest_route=\/wp\/v2\/posts"}],"about":[{"href":"https:\/\/przedszkole12nowasol.pl\/index.php?rest_route=\/wp\/v2\/types\/post"}],"author":[{"embeddable":true,"href":"https:\/\/przedszkole12nowasol.pl\/index.php?rest_route=\/wp\/v2\/users\/1"}],"replies":[{"embeddable":true,"href":"https:\/\/przedszkole12nowasol.pl\/index.php?rest_route=%2Fwp%2Fv2%2Fcomments&post=2887"}],"version-history":[{"count":1,"href":"https:\/\/przedszkole12nowasol.pl\/index.php?rest_route=\/wp\/v2\/posts\/2887\/revisions"}],"predecessor-version":[{"id":2890,"href":"https:\/\/przedszkole12nowasol.pl\/index.php?rest_route=\/wp\/v2\/posts\/2887\/revisions\/2890"}],"wp:attachment":[{"href":"https:\/\/przedszkole12nowasol.pl\/index.php?rest_route=%2Fwp%2Fv2%2Fmedia&parent=2887"}],"wp:term":[{"taxonomy":"category","embeddable":true,"href":"https:\/\/przedszkole12nowasol.pl\/index.php?rest_route=%2Fwp%2Fv2%2Fcategories&post=2887"},{"taxonomy":"post_tag","embeddable":true,"href":"https:\/\/przedszkole12nowasol.pl\/index.php?rest_route=%2Fwp%2Fv2%2Ftags&post=2887"}],"curies":[{"name":"wp","href":"https:\/\/api.w.org\/{rel}","templated":true}]}}