{"id":2895,"date":"2022-06-06T16:01:52","date_gmt":"2022-06-06T16:01:52","guid":{"rendered":"https:\/\/przedszkole12nowasol.pl\/?p=2895"},"modified":"2022-06-06T16:01:52","modified_gmt":"2022-06-06T16:01:52","slug":"dzien-dziecka-z-kultura","status":"publish","type":"post","link":"https:\/\/przedszkole12nowasol.pl\/?p=2895","title":{"rendered":"Dzie\u0144 Dziecka z kultur\u0105"},"content":{"rendered":"<p><img fetchpriority=\"high\" decoding=\"async\" class=\"alignnone size-full wp-image-2896\" src=\"https:\/\/przedszkole12nowasol.pl\/wp-content\/uploads\/2022\/06\/20220601_103156.jpg\" alt=\"\" width=\"4032\" height=\"2268\" srcset=\"https:\/\/przedszkole12nowasol.pl\/wp-content\/uploads\/2022\/06\/20220601_103156.jpg 4032w, https:\/\/przedszkole12nowasol.pl\/wp-content\/uploads\/2022\/06\/20220601_103156-300x169.jpg 300w, https:\/\/przedszkole12nowasol.pl\/wp-content\/uploads\/2022\/06\/20220601_103156-768x432.jpg 768w, https:\/\/przedszkole12nowasol.pl\/wp-content\/uploads\/2022\/06\/20220601_103156-1024x576.jpg 1024w, https:\/\/przedszkole12nowasol.pl\/wp-content\/uploads\/2022\/06\/20220601_103156-533x300.jpg 533w\" sizes=\"(max-width: 4032px) 100vw, 4032px\" \/><\/p>\n<p><span style=\"font-size: 14pt; color: #000000;\">W tym roku 1 czerwca by\u0142 w naszym przedszkolu prze\u017cywany nieco inaczej, ale r\u00f3wnie ciekawie. Dzieci z grup Pszcz\u00f3\u0142ek, Biedronek, S\u0142oneczek, Gumisi\u00f3w i S\u00f3wek wybra\u0142y si\u0119 na wycieczk\u0119 do Nowosolskiego Domu Kultury, by tam wsp\u00f3lnie obejrze\u0107 bajk\u0119 &#8220;Ups2. Bunt na arce&#8221;. Wydarzenie to by\u0142o niezwykle prze\u017cywane i budzi\u0142o wiele emocji. By\u0142o tak\u017ce okazj\u0105 do przypomnienia sobie zasad panuj\u0105cych podczas seansu w kinie.\u00a0<\/span><\/p>\n<p><span style=\"font-size: 14pt; color: #000000;\">Natomiast starszaki &#8211; \u017babki i Krasnoludki odby\u0142y wycieczk\u0119 do Filharmonii Zielonog\u00f3rskiej im. Tadeusza Bairda, gdzie wzi\u0119\u0142y udzia\u0142 w koncercie symfonicznym pt. &#8220;Kolorowa Muzyka&#8221;.\u00a0<\/span><span style=\"font-size: 14pt; color: #000000;\">Przedszkolaki wys\u0142ucha\u0142y tanecznych utwor\u00f3w symfonicznych ilustrowanych pracami plastycznymi dzieci lubuskich przedszkoli i szk\u00f3\u0142. Celem wycieczki by\u0142o wprowadzenie dzieci w \u015bwiat muzyki klasycznej\u00a0i umo\u017cliwienie jej odbioru na \u017cywo. W magiczny \u015bwiat muzyki klasycznej wprowadzi\u0142 s\u0142uchaczy S\u0142awomir Koz\u0142owski. Po zako\u0144czeniu widowiska publiczno\u015b\u0107 nagrodzi\u0142a wykonawc\u00f3w brawami\u00a0i owacj\u0105 na stoj\u0105co.<\/span><\/p>\n<p style=\"text-align: center;\"><span style=\"font-size: 14pt; color: #000000;\">Dzie\u0144 Dziecka zapad\u0142 naszym przedszkolakom w pami\u0119\u0107. Ju\u017c nie mog\u0105 doczeka\u0107 si\u0119 przysz\u0142orocznych niespodzianek!<\/span><\/p>\n<p><span style=\"font-size: 14pt; color: #000000;\">Zapraszamy do obejrzenia zdj\u0119\u0107 w galerii w linku poni\u017cej:\u00a0<\/span><\/p>\n<p><span style=\"font-size: 14pt;\"><a href=\"https:\/\/photos.app.goo.gl\/bV3ceg7m387XQVFo9\">https:\/\/photos.app.goo.gl\/bV3ceg7m387XQVFo9<\/a><\/span><\/p>\n","protected":false},"excerpt":{"rendered":"<p>W tym roku 1 czerwca by\u0142 w naszym przedszkolu prze\u017cywany nieco inaczej, ale r\u00f3wnie ciekawie. Dzieci z grup Pszcz\u00f3\u0142ek, Biedronek, S\u0142oneczek, Gumisi\u00f3w i S\u00f3wek wybra\u0142y si\u0119 na wycieczk\u0119 do Nowosolskiego Domu Kultury, by tam wsp\u00f3lnie obejrze\u0107 bajk\u0119 &#8220;Ups2. Bunt na arce&#8221;. Wydarzenie to by\u0142o niezwykle prze\u017cywane i budzi\u0142o wiele emocji. &hellip;<\/p>\n","protected":false},"author":1,"featured_media":0,"comment_status":"closed","ping_status":"open","sticky":false,"template":"","format":"standard","meta":{"footnotes":""},"categories":[17],"tags":[],"class_list":["post-2895","post","type-post","status-publish","format-standard","hentry","category-aktualnosci"],"_links":{"self":[{"href":"https:\/\/przedszkole12nowasol.pl\/index.php?rest_route=\/wp\/v2\/posts\/2895","targetHints":{"allow":["GET"]}}],"collection":[{"href":"https:\/\/przedszkole12nowasol.pl\/index.php?rest_route=\/wp\/v2\/posts"}],"about":[{"href":"https:\/\/przedszkole12nowasol.pl\/index.php?rest_route=\/wp\/v2\/types\/post"}],"author":[{"embeddable":true,"href":"https:\/\/przedszkole12nowasol.pl\/index.php?rest_route=\/wp\/v2\/users\/1"}],"replies":[{"embeddable":true,"href":"https:\/\/przedszkole12nowasol.pl\/index.php?rest_route=%2Fwp%2Fv2%2Fcomments&post=2895"}],"version-history":[{"count":1,"href":"https:\/\/przedszkole12nowasol.pl\/index.php?rest_route=\/wp\/v2\/posts\/2895\/revisions"}],"predecessor-version":[{"id":2897,"href":"https:\/\/przedszkole12nowasol.pl\/index.php?rest_route=\/wp\/v2\/posts\/2895\/revisions\/2897"}],"wp:attachment":[{"href":"https:\/\/przedszkole12nowasol.pl\/index.php?rest_route=%2Fwp%2Fv2%2Fmedia&parent=2895"}],"wp:term":[{"taxonomy":"category","embeddable":true,"href":"https:\/\/przedszkole12nowasol.pl\/index.php?rest_route=%2Fwp%2Fv2%2Fcategories&post=2895"},{"taxonomy":"post_tag","embeddable":true,"href":"https:\/\/przedszkole12nowasol.pl\/index.php?rest_route=%2Fwp%2Fv2%2Ftags&post=2895"}],"curies":[{"name":"wp","href":"https:\/\/api.w.org\/{rel}","templated":true}]}}