{"id":2901,"date":"2022-06-06T16:25:19","date_gmt":"2022-06-06T16:25:19","guid":{"rendered":"https:\/\/przedszkole12nowasol.pl\/?p=2901"},"modified":"2022-06-06T16:25:19","modified_gmt":"2022-06-06T16:25:19","slug":"mieszkaniec-laki","status":"publish","type":"post","link":"https:\/\/przedszkole12nowasol.pl\/?p=2901","title":{"rendered":"&#8220;Mieszkaniec \u0142\u0105ki&#8221;"},"content":{"rendered":"<p><img fetchpriority=\"high\" decoding=\"async\" class=\"alignnone size-full wp-image-2902\" src=\"https:\/\/przedszkole12nowasol.pl\/wp-content\/uploads\/2022\/06\/20220602_161230.jpg\" alt=\"\" width=\"4032\" height=\"2268\" srcset=\"https:\/\/przedszkole12nowasol.pl\/wp-content\/uploads\/2022\/06\/20220602_161230.jpg 4032w, https:\/\/przedszkole12nowasol.pl\/wp-content\/uploads\/2022\/06\/20220602_161230-300x169.jpg 300w, https:\/\/przedszkole12nowasol.pl\/wp-content\/uploads\/2022\/06\/20220602_161230-768x432.jpg 768w, https:\/\/przedszkole12nowasol.pl\/wp-content\/uploads\/2022\/06\/20220602_161230-1024x576.jpg 1024w, https:\/\/przedszkole12nowasol.pl\/wp-content\/uploads\/2022\/06\/20220602_161230-533x300.jpg 533w\" sizes=\"(max-width: 4032px) 100vw, 4032px\" \/><\/p>\n<p><span style=\"font-size: 14pt; color: #000000;\">W czwartek 02.06.2022r. w godzinach popo\u0142udniowych odby\u0142 si\u0119 w naszym przedszkolu plastyczny konkurs warsztatowy pt. &#8220;Mieszkaniec \u0142\u0105ki&#8221;. Zg\u0142oszone wcze\u015bniej dzieci z naszego przedszkola wraz z pomoc\u0105 opiekuna wykonywa\u0142y przestrzenn\u0105 prac\u0119 plastyczn\u0105 przedstawiaj\u0105c\u0105 wybranego przez nich mieszka\u0144ca lub mieszka\u0144c\u00f3w \u0142\u0105ki. Podczas konkursu uczestnicy byli bardzo skoncentrowani na powierzonym im zadaniu. Organizatorki po wykonaniu prac og\u0142osi\u0142y laureat\u00f3w konkursu:\u00a0<\/span><br \/>\n<span style=\"color: #339966;\"><strong><span style=\"font-size: 14pt;\">I miejsce &#8211; Wojtek Buszewicz &#8211; grupa \u017babek<\/span><\/strong><\/span><br \/>\n<span style=\"color: #339966;\"><strong><span style=\"font-size: 14pt;\">II miejsce &#8211; Ala Boruszewska &#8211; grupa Gumisi\u00f3w<\/span><\/strong><\/span><br \/>\n<span style=\"color: #339966;\"><strong><span style=\"font-size: 14pt;\">III miejsce &#8211; Szymon Szcze\u015bniak &#8211; grupa S\u00f3wek\u00a0<\/span><\/strong><\/span><br \/>\n<span style=\"color: #339966;\"><strong><span style=\"font-size: 14pt;\">wyr\u00f3\u017cnienie &#8211; Mila Medy\u0144ska &#8211; grupa Gumisi\u00f3w\u00a0<\/span><\/strong><\/span><\/p>\n<p style=\"text-align: center;\"><span style=\"font-size: 14pt; color: #000000;\">Bardzo dzi\u0119kujemy za zaanga\u017cowanie, po\u015bwi\u0119cony czas oraz wzi\u0119cie udzia\u0142u w konkursie.\u00a0<\/span><br \/>\n<span style=\"font-size: 14pt; color: #000000;\">Konkursowe prace mo\u017cna podziwia\u0107 na wystawie w holu przedszkola.\u00a0<\/span><\/p>\n<p><span style=\"font-size: 14pt; color: #000000;\">Zapraszamy do obejrzenia zdj\u0119\u0107 w galerii w linku poni\u017cej:\u00a0<\/span><\/p>\n<p><span style=\"font-size: 14pt;\"><a href=\"https:\/\/photos.app.goo.gl\/3hNJAuSHneus8VpD6\">https:\/\/photos.app.goo.gl\/3hNJAuSHneus8VpD6<\/a><\/span><\/p>\n","protected":false},"excerpt":{"rendered":"<p>W czwartek 02.06.2022r. w godzinach popo\u0142udniowych odby\u0142 si\u0119 w naszym przedszkolu plastyczny konkurs warsztatowy pt. &#8220;Mieszkaniec \u0142\u0105ki&#8221;. Zg\u0142oszone wcze\u015bniej dzieci z naszego przedszkola wraz z pomoc\u0105 opiekuna wykonywa\u0142y przestrzenn\u0105 prac\u0119 plastyczn\u0105 przedstawiaj\u0105c\u0105 wybranego przez nich mieszka\u0144ca lub mieszka\u0144c\u00f3w \u0142\u0105ki. Podczas konkursu uczestnicy byli bardzo skoncentrowani na powierzonym im zadaniu. Organizatorki &hellip;<\/p>\n","protected":false},"author":1,"featured_media":0,"comment_status":"closed","ping_status":"open","sticky":false,"template":"","format":"standard","meta":{"footnotes":""},"categories":[17],"tags":[],"class_list":["post-2901","post","type-post","status-publish","format-standard","hentry","category-aktualnosci"],"_links":{"self":[{"href":"https:\/\/przedszkole12nowasol.pl\/index.php?rest_route=\/wp\/v2\/posts\/2901","targetHints":{"allow":["GET"]}}],"collection":[{"href":"https:\/\/przedszkole12nowasol.pl\/index.php?rest_route=\/wp\/v2\/posts"}],"about":[{"href":"https:\/\/przedszkole12nowasol.pl\/index.php?rest_route=\/wp\/v2\/types\/post"}],"author":[{"embeddable":true,"href":"https:\/\/przedszkole12nowasol.pl\/index.php?rest_route=\/wp\/v2\/users\/1"}],"replies":[{"embeddable":true,"href":"https:\/\/przedszkole12nowasol.pl\/index.php?rest_route=%2Fwp%2Fv2%2Fcomments&post=2901"}],"version-history":[{"count":1,"href":"https:\/\/przedszkole12nowasol.pl\/index.php?rest_route=\/wp\/v2\/posts\/2901\/revisions"}],"predecessor-version":[{"id":2903,"href":"https:\/\/przedszkole12nowasol.pl\/index.php?rest_route=\/wp\/v2\/posts\/2901\/revisions\/2903"}],"wp:attachment":[{"href":"https:\/\/przedszkole12nowasol.pl\/index.php?rest_route=%2Fwp%2Fv2%2Fmedia&parent=2901"}],"wp:term":[{"taxonomy":"category","embeddable":true,"href":"https:\/\/przedszkole12nowasol.pl\/index.php?rest_route=%2Fwp%2Fv2%2Fcategories&post=2901"},{"taxonomy":"post_tag","embeddable":true,"href":"https:\/\/przedszkole12nowasol.pl\/index.php?rest_route=%2Fwp%2Fv2%2Ftags&post=2901"}],"curies":[{"name":"wp","href":"https:\/\/api.w.org\/{rel}","templated":true}]}}