{"id":2998,"date":"2022-10-13T16:34:20","date_gmt":"2022-10-13T16:34:20","guid":{"rendered":"https:\/\/przedszkole12nowasol.pl\/?p=2998"},"modified":"2022-10-13T16:34:20","modified_gmt":"2022-10-13T16:34:20","slug":"wycieczka-pszczolek-do-sali-ognik","status":"publish","type":"post","link":"https:\/\/przedszkole12nowasol.pl\/?p=2998","title":{"rendered":"Wycieczka &#8220;Pszcz\u00f3\u0142ek&#8221; do sali &#8220;Ognik&#8221;"},"content":{"rendered":"<p><img fetchpriority=\"high\" decoding=\"async\" class=\"alignnone size-full wp-image-2999\" src=\"https:\/\/przedszkole12nowasol.pl\/wp-content\/uploads\/2022\/10\/1665677707489.jpg\" alt=\"\" width=\"2048\" height=\"1536\" srcset=\"https:\/\/przedszkole12nowasol.pl\/wp-content\/uploads\/2022\/10\/1665677707489.jpg 2048w, https:\/\/przedszkole12nowasol.pl\/wp-content\/uploads\/2022\/10\/1665677707489-300x225.jpg 300w, https:\/\/przedszkole12nowasol.pl\/wp-content\/uploads\/2022\/10\/1665677707489-768x576.jpg 768w, https:\/\/przedszkole12nowasol.pl\/wp-content\/uploads\/2022\/10\/1665677707489-1024x768.jpg 1024w, https:\/\/przedszkole12nowasol.pl\/wp-content\/uploads\/2022\/10\/1665677707489-400x300.jpg 400w\" sizes=\"(max-width: 2048px) 100vw, 2048px\" \/><\/p>\n<p><span style=\"font-size: 14pt; color: #000000;\">29.09.2022 r. Pszcz\u00f3\u0142ki uczestniczy\u0142y w zaj\u0119ciach edukacyjnych \u201eMini Ognik\u201d w\u00a0Powiatowej Komendzie PSP W Nowej Soli. <\/span><\/p>\n<p><span style=\"font-size: 14pt; color: #000000;\">Podczas spotkania stra\u017cacy wyja\u015bnili dzieciom przyczyny po\u017car\u00f3w, jak ich unikn\u0105\u0107 oraz\u00a0prawid\u0142owo zachowa\u0107 si\u0119 podczas zagro\u017cenia w domu, szkole czy\u00a0sklepie. Podczas ogl\u0105dania film\u00f3w edukacyjnych najm\u0142odsi mieli okazj\u0119 dowiedzie\u0107 si\u0119, jak prawid\u0142owo wezwa\u0107 pomoc. W sali projektowej znajdowa\u0142 si\u0119 ma\u0142y w\u00f3z stra\u017cacki i kuchnia z\u00a0wyposa\u017ceniem, w\u00a0kt\u00f3rej najcz\u0119\u015bciej dochodzi do\u00a0niebezpiecznych sytuacji oraz czujki dymu. Podczas wizyty w\u00a0Komendzie PSP dzieci zobaczy\u0142y, jak wygl\u0105da praca stra\u017cak\u00f3w i z\u00a0jakiego sprz\u0119tu korzystaj\u0105 na\u00a0co\u00a0dzie\u0144.<\/span><\/p>\n<p><span style=\"font-size: large; color: #000000;\"><span style=\"font-size: 14pt;\">Bardzo dzi\u0119kujemy za przekazan\u0105 wiedz\u0119 i udost\u0119pnienie dzieciom akcesori\u00f3w stra\u017cackich.<\/span> <\/span><\/p>\n<p><span style=\"color: #000000; font-size: 14pt;\">Zapraszamy do obejrzenia zdj\u0119\u0107 w galerii w linku poni\u017cej:<\/span><\/p>\n<p><span style=\"font-size: 14pt;\"><a href=\"https:\/\/photos.app.goo.gl\/qZ94VCZCbWnyu5KR9\">https:\/\/photos.app.goo.gl\/qZ94VCZCbWnyu5KR9<\/a><\/span><\/p>\n","protected":false},"excerpt":{"rendered":"<p>29.09.2022 r. Pszcz\u00f3\u0142ki uczestniczy\u0142y w zaj\u0119ciach edukacyjnych \u201eMini Ognik\u201d w\u00a0Powiatowej Komendzie PSP W Nowej Soli. Podczas spotkania stra\u017cacy wyja\u015bnili dzieciom przyczyny po\u017car\u00f3w, jak ich unikn\u0105\u0107 oraz\u00a0prawid\u0142owo zachowa\u0107 si\u0119 podczas zagro\u017cenia w domu, szkole czy\u00a0sklepie. Podczas ogl\u0105dania film\u00f3w edukacyjnych najm\u0142odsi mieli okazj\u0119 dowiedzie\u0107 si\u0119, jak prawid\u0142owo wezwa\u0107 pomoc. W sali projektowej &hellip;<\/p>\n","protected":false},"author":1,"featured_media":0,"comment_status":"closed","ping_status":"open","sticky":false,"template":"","format":"standard","meta":{"footnotes":""},"categories":[17],"tags":[],"class_list":["post-2998","post","type-post","status-publish","format-standard","hentry","category-aktualnosci"],"_links":{"self":[{"href":"https:\/\/przedszkole12nowasol.pl\/index.php?rest_route=\/wp\/v2\/posts\/2998","targetHints":{"allow":["GET"]}}],"collection":[{"href":"https:\/\/przedszkole12nowasol.pl\/index.php?rest_route=\/wp\/v2\/posts"}],"about":[{"href":"https:\/\/przedszkole12nowasol.pl\/index.php?rest_route=\/wp\/v2\/types\/post"}],"author":[{"embeddable":true,"href":"https:\/\/przedszkole12nowasol.pl\/index.php?rest_route=\/wp\/v2\/users\/1"}],"replies":[{"embeddable":true,"href":"https:\/\/przedszkole12nowasol.pl\/index.php?rest_route=%2Fwp%2Fv2%2Fcomments&post=2998"}],"version-history":[{"count":1,"href":"https:\/\/przedszkole12nowasol.pl\/index.php?rest_route=\/wp\/v2\/posts\/2998\/revisions"}],"predecessor-version":[{"id":3000,"href":"https:\/\/przedszkole12nowasol.pl\/index.php?rest_route=\/wp\/v2\/posts\/2998\/revisions\/3000"}],"wp:attachment":[{"href":"https:\/\/przedszkole12nowasol.pl\/index.php?rest_route=%2Fwp%2Fv2%2Fmedia&parent=2998"}],"wp:term":[{"taxonomy":"category","embeddable":true,"href":"https:\/\/przedszkole12nowasol.pl\/index.php?rest_route=%2Fwp%2Fv2%2Fcategories&post=2998"},{"taxonomy":"post_tag","embeddable":true,"href":"https:\/\/przedszkole12nowasol.pl\/index.php?rest_route=%2Fwp%2Fv2%2Ftags&post=2998"}],"curies":[{"name":"wp","href":"https:\/\/api.w.org\/{rel}","templated":true}]}}