{"id":3001,"date":"2022-10-13T17:09:25","date_gmt":"2022-10-13T17:09:25","guid":{"rendered":"https:\/\/przedszkole12nowasol.pl\/?p=3001"},"modified":"2022-10-13T17:09:25","modified_gmt":"2022-10-13T17:09:25","slug":"w-krainie-ksiazek-spotkanie-z-bibliotekarka","status":"publish","type":"post","link":"https:\/\/przedszkole12nowasol.pl\/?p=3001","title":{"rendered":"W krainie ksi\u0105\u017cek &#8211; spotkanie z bibliotekark\u0105"},"content":{"rendered":"<p><img fetchpriority=\"high\" decoding=\"async\" class=\"alignnone size-full wp-image-3002\" src=\"https:\/\/przedszkole12nowasol.pl\/wp-content\/uploads\/2022\/10\/1665679675457.jpg\" alt=\"\" width=\"1600\" height=\"1200\" srcset=\"https:\/\/przedszkole12nowasol.pl\/wp-content\/uploads\/2022\/10\/1665679675457.jpg 1600w, https:\/\/przedszkole12nowasol.pl\/wp-content\/uploads\/2022\/10\/1665679675457-300x225.jpg 300w, https:\/\/przedszkole12nowasol.pl\/wp-content\/uploads\/2022\/10\/1665679675457-768x576.jpg 768w, https:\/\/przedszkole12nowasol.pl\/wp-content\/uploads\/2022\/10\/1665679675457-1024x768.jpg 1024w, https:\/\/przedszkole12nowasol.pl\/wp-content\/uploads\/2022\/10\/1665679675457-400x300.jpg 400w\" sizes=\"(max-width: 1600px) 100vw, 1600px\" \/><\/p>\n<p><span style=\"color: #000000;\">\u201e\u2026<span style=\"font-family: Times New Roman, serif;\"><span style=\"font-size: medium;\"><span style=\"font-size: large;\"><i>Bo je\u015bli raz przywykli\u015bmy do tego, aby rado\u015b\u0107 czerpa\u0107 z ksi\u0105\u017cek, to ju\u017c bez nich nie potrafimy si\u0119 obej\u015b\u0107\u2026\u201d<\/i><\/span><\/span><\/span><\/span><\/p>\n<p align=\"RIGHT\"><span style=\"font-family: Times New Roman, serif;\"><span style=\"font-size: medium;\"><span style=\"color: #000000;\"><span style=\"font-size: small;\"><i>Astrid Lindgren<\/i><\/span><\/span><\/span><\/span><\/p>\n<p align=\"JUSTIFY\"><span style=\"color: #000000;\"> <span style=\"font-family: Times New Roman, serif;\"><span style=\"font-size: medium;\"><span style=\"font-size: large;\">W czwartek 6 pa\u017adziernika w ramach wsp\u00f3\u0142pracy, popularyzacji ksi\u0105\u017cek i czytelnictwa grup\u0119 Pszcz\u00f3\u0142ek i Gumisi\u00f3w odwiedzi\u0142a pani bibliotekarka z Oddzia\u0142u dla Dzieci \u201eBiblu\u015b\u201d. Krzewi\u0105c zainteresowania czytelnicze w\u015br\u00f3d dzieci, pani bibliotekarka pokr\u00f3tce przypomnia\u0142a, gdzie znajduje si\u0119 biblioteka, czemu s\u0142u\u017cy i jak z niej korzysta\u0107. Cz\u0119\u015b\u0107 przedszkolak\u00f3w wykaza\u0142a si\u0119 du\u017c\u0105 wiedz\u0105 na temat biblioteki oraz zbioru ksi\u0105\u017cek w niej si\u0119 znajduj\u0105cych. <\/span><\/span><\/span><\/span><\/p>\n<p align=\"JUSTIFY\"><span style=\"color: #000000;\"> <span style=\"font-family: Times New Roman, serif;\"><span style=\"font-size: medium;\"><span style=\"font-size: large;\">Po ciekawej rozmowie, nast\u0105pi\u0142a d\u0142ugo wyczekiwana przez wszystkich chwila, g\u0142o\u015bne czytanie oraz prezentacja wybranych ksi\u0105\u017cek dla dzieci. Bardzo dzi\u0119kujemy Pani bibliotekarce za pi\u0119kn\u0105 interpretacj\u0119 i ponownie serdecznie zapraszamy. <\/span><\/span><\/span><\/span><\/p>\n<p align=\"JUSTIFY\"><span style=\"color: #000000;\"> <span style=\"font-family: Times New Roman, serif;\"><span style=\"font-size: medium;\"><span style=\"font-size: large;\">Was drodzy Rodzice, zach\u0119camy do czytania dzieciom i odwiedzania nowosolskiego <\/span><\/span><span style=\"font-size: large;\"><i>Biblusia<\/i><\/span><span style=\"font-size: large;\">. To wspania\u0142y spos\u00f3b na wsp\u00f3lne sp\u0119dzanie czasu z dzie\u0107mi.<\/span><\/span><\/span><\/p>\n<p align=\"JUSTIFY\"><span style=\"color: #000000; font-size: 14pt;\">Zapraszamy do obejrzenia zdj\u0119\u0107 w galerii w linku poni\u017cej:<\/span><\/p>\n<p align=\"JUSTIFY\"><span style=\"font-size: 14pt;\"><a href=\"https:\/\/photos.app.goo.gl\/ocqNFxLTpgfusTEt5\">https:\/\/photos.app.goo.gl\/ocqNFxLTpgfusTEt5<\/a><\/span><\/p>\n<p align=\"JUSTIFY\">\n","protected":false},"excerpt":{"rendered":"<p>\u201e\u2026Bo je\u015bli raz przywykli\u015bmy do tego, aby rado\u015b\u0107 czerpa\u0107 z ksi\u0105\u017cek, to ju\u017c bez nich nie potrafimy si\u0119 obej\u015b\u0107\u2026\u201d Astrid Lindgren W czwartek 6 pa\u017adziernika w ramach wsp\u00f3\u0142pracy, popularyzacji ksi\u0105\u017cek i czytelnictwa grup\u0119 Pszcz\u00f3\u0142ek i Gumisi\u00f3w odwiedzi\u0142a pani bibliotekarka z Oddzia\u0142u dla Dzieci \u201eBiblu\u015b\u201d. Krzewi\u0105c zainteresowania czytelnicze w\u015br\u00f3d dzieci, pani &hellip;<\/p>\n","protected":false},"author":1,"featured_media":0,"comment_status":"closed","ping_status":"open","sticky":false,"template":"","format":"standard","meta":{"footnotes":""},"categories":[17],"tags":[],"class_list":["post-3001","post","type-post","status-publish","format-standard","hentry","category-aktualnosci"],"_links":{"self":[{"href":"https:\/\/przedszkole12nowasol.pl\/index.php?rest_route=\/wp\/v2\/posts\/3001","targetHints":{"allow":["GET"]}}],"collection":[{"href":"https:\/\/przedszkole12nowasol.pl\/index.php?rest_route=\/wp\/v2\/posts"}],"about":[{"href":"https:\/\/przedszkole12nowasol.pl\/index.php?rest_route=\/wp\/v2\/types\/post"}],"author":[{"embeddable":true,"href":"https:\/\/przedszkole12nowasol.pl\/index.php?rest_route=\/wp\/v2\/users\/1"}],"replies":[{"embeddable":true,"href":"https:\/\/przedszkole12nowasol.pl\/index.php?rest_route=%2Fwp%2Fv2%2Fcomments&post=3001"}],"version-history":[{"count":1,"href":"https:\/\/przedszkole12nowasol.pl\/index.php?rest_route=\/wp\/v2\/posts\/3001\/revisions"}],"predecessor-version":[{"id":3003,"href":"https:\/\/przedszkole12nowasol.pl\/index.php?rest_route=\/wp\/v2\/posts\/3001\/revisions\/3003"}],"wp:attachment":[{"href":"https:\/\/przedszkole12nowasol.pl\/index.php?rest_route=%2Fwp%2Fv2%2Fmedia&parent=3001"}],"wp:term":[{"taxonomy":"category","embeddable":true,"href":"https:\/\/przedszkole12nowasol.pl\/index.php?rest_route=%2Fwp%2Fv2%2Fcategories&post=3001"},{"taxonomy":"post_tag","embeddable":true,"href":"https:\/\/przedszkole12nowasol.pl\/index.php?rest_route=%2Fwp%2Fv2%2Ftags&post=3001"}],"curies":[{"name":"wp","href":"https:\/\/api.w.org\/{rel}","templated":true}]}}