{"id":3059,"date":"2022-12-11T14:06:33","date_gmt":"2022-12-11T14:06:33","guid":{"rendered":"https:\/\/przedszkole12nowasol.pl\/?p=3059"},"modified":"2022-12-11T14:06:33","modified_gmt":"2022-12-11T14:06:33","slug":"pasowanie-na-przedszkolaka-4","status":"publish","type":"post","link":"https:\/\/przedszkole12nowasol.pl\/?p=3059","title":{"rendered":"Pasowanie na przedszkolaka"},"content":{"rendered":"<p><img fetchpriority=\"high\" decoding=\"async\" class=\"alignnone size-full wp-image-3060\" src=\"https:\/\/przedszkole12nowasol.pl\/wp-content\/uploads\/2022\/12\/pasowanie-4.jpg\" alt=\"\" width=\"2048\" height=\"1365\" srcset=\"https:\/\/przedszkole12nowasol.pl\/wp-content\/uploads\/2022\/12\/pasowanie-4.jpg 2048w, https:\/\/przedszkole12nowasol.pl\/wp-content\/uploads\/2022\/12\/pasowanie-4-300x200.jpg 300w, https:\/\/przedszkole12nowasol.pl\/wp-content\/uploads\/2022\/12\/pasowanie-4-768x512.jpg 768w, https:\/\/przedszkole12nowasol.pl\/wp-content\/uploads\/2022\/12\/pasowanie-4-1024x683.jpg 1024w, https:\/\/przedszkole12nowasol.pl\/wp-content\/uploads\/2022\/12\/pasowanie-4-450x300.jpg 450w\" sizes=\"(max-width: 2048px) 100vw, 2048px\" \/><\/p>\n<p><span class=\"x193iq5w xeuugli x13faqbe x1vvkbs x1xmvt09 x1lliihq x1s928wv xhkezso x1gmr53x x1cpjm7i x1fgarty x1943h6x xudqn12 x3x7a5m x6prxxf xvq8zen xo1l8bm xzsf02u x1yc453h\" dir=\"auto\" style=\"font-size: 14pt; color: #000000;\">Dnia 8 listopada i dnia 9 listopada\u00a0 w grupie &#8220;Krasnoludk\u00f3w&#8221; oraz grupie  &#8220;\u017babek&#8221; odby\u0142a si\u0119 uroczysto\u015b\u0107 Pasowania na Przedszkolaka. Po kr\u00f3tkiej, pe\u0142nej wzrusze\u0144 prezentacji, ka\u017cdy maluszek zosta\u0142 pasowany na przedszkolaka. Kochanym Krasnoludkom i \u017babkom gratulujemy oraz \u017cyczymy samych radosnych chwil w naszym przedszkolu.<\/span><\/p>\n<p><span style=\"color: #000000;\">Zapraszamy do obejrzenia zdj\u0119\u0107 w galerii w linku poni\u017cej:<\/span><\/p>\n<p><a href=\"https:\/\/photos.app.goo.gl\/WVGsY92mJk9pYq9k9\">https:\/\/photos.app.goo.gl\/WVGsY92mJk9pYq9k9<\/a><\/p>\n","protected":false},"excerpt":{"rendered":"<p>Dnia 8 listopada i dnia 9 listopada\u00a0 w grupie &#8220;Krasnoludk\u00f3w&#8221; oraz grupie &#8220;\u017babek&#8221; odby\u0142a si\u0119 uroczysto\u015b\u0107 Pasowania na Przedszkolaka. Po kr\u00f3tkiej, pe\u0142nej wzrusze\u0144 prezentacji, ka\u017cdy maluszek zosta\u0142 pasowany na przedszkolaka. Kochanym Krasnoludkom i \u017babkom gratulujemy oraz \u017cyczymy samych radosnych chwil w naszym przedszkolu. Zapraszamy do obejrzenia zdj\u0119\u0107 w galerii w &hellip;<\/p>\n","protected":false},"author":1,"featured_media":0,"comment_status":"closed","ping_status":"open","sticky":false,"template":"","format":"standard","meta":{"footnotes":""},"categories":[17],"tags":[],"class_list":["post-3059","post","type-post","status-publish","format-standard","hentry","category-aktualnosci"],"_links":{"self":[{"href":"https:\/\/przedszkole12nowasol.pl\/index.php?rest_route=\/wp\/v2\/posts\/3059","targetHints":{"allow":["GET"]}}],"collection":[{"href":"https:\/\/przedszkole12nowasol.pl\/index.php?rest_route=\/wp\/v2\/posts"}],"about":[{"href":"https:\/\/przedszkole12nowasol.pl\/index.php?rest_route=\/wp\/v2\/types\/post"}],"author":[{"embeddable":true,"href":"https:\/\/przedszkole12nowasol.pl\/index.php?rest_route=\/wp\/v2\/users\/1"}],"replies":[{"embeddable":true,"href":"https:\/\/przedszkole12nowasol.pl\/index.php?rest_route=%2Fwp%2Fv2%2Fcomments&post=3059"}],"version-history":[{"count":1,"href":"https:\/\/przedszkole12nowasol.pl\/index.php?rest_route=\/wp\/v2\/posts\/3059\/revisions"}],"predecessor-version":[{"id":3061,"href":"https:\/\/przedszkole12nowasol.pl\/index.php?rest_route=\/wp\/v2\/posts\/3059\/revisions\/3061"}],"wp:attachment":[{"href":"https:\/\/przedszkole12nowasol.pl\/index.php?rest_route=%2Fwp%2Fv2%2Fmedia&parent=3059"}],"wp:term":[{"taxonomy":"category","embeddable":true,"href":"https:\/\/przedszkole12nowasol.pl\/index.php?rest_route=%2Fwp%2Fv2%2Fcategories&post=3059"},{"taxonomy":"post_tag","embeddable":true,"href":"https:\/\/przedszkole12nowasol.pl\/index.php?rest_route=%2Fwp%2Fv2%2Ftags&post=3059"}],"curies":[{"name":"wp","href":"https:\/\/api.w.org\/{rel}","templated":true}]}}