{"id":3062,"date":"2022-12-11T14:17:40","date_gmt":"2022-12-11T14:17:40","guid":{"rendered":"https:\/\/przedszkole12nowasol.pl\/?p=3062"},"modified":"2022-12-11T14:17:40","modified_gmt":"2022-12-11T14:17:40","slug":"11-listopada","status":"publish","type":"post","link":"https:\/\/przedszkole12nowasol.pl\/?p=3062","title":{"rendered":"11 LISTOPADA"},"content":{"rendered":"<p><img fetchpriority=\"high\" decoding=\"async\" class=\"alignnone size-full wp-image-3063\" src=\"https:\/\/przedszkole12nowasol.pl\/wp-content\/uploads\/2022\/12\/1670768110946.jpg\" alt=\"\" width=\"2048\" height=\"1536\" srcset=\"https:\/\/przedszkole12nowasol.pl\/wp-content\/uploads\/2022\/12\/1670768110946.jpg 2048w, https:\/\/przedszkole12nowasol.pl\/wp-content\/uploads\/2022\/12\/1670768110946-300x225.jpg 300w, https:\/\/przedszkole12nowasol.pl\/wp-content\/uploads\/2022\/12\/1670768110946-768x576.jpg 768w, https:\/\/przedszkole12nowasol.pl\/wp-content\/uploads\/2022\/12\/1670768110946-1024x768.jpg 1024w, https:\/\/przedszkole12nowasol.pl\/wp-content\/uploads\/2022\/12\/1670768110946-400x300.jpg 400w\" sizes=\"(max-width: 2048px) 100vw, 2048px\" \/><\/p>\n<div class=\"\" dir=\"auto\">\n<div id=\"jsc_c_3w4\" class=\"x1iorvi4 x1pi30zi x1l90r2v x1swvt13\" data-ad-comet-preview=\"message\" data-ad-preview=\"message\">\n<div class=\"x78zum5 xdt5ytf xz62fqu x16ldp7u\">\n<div class=\"xu06os2 x1ok221b\">\n<div class=\"x11i5rnm xat24cr x1mh8g0r x1vvkbs xdj266r x126k92a\">\n<div dir=\"auto\"><span style=\"font-size: 14pt; color: #000000;\">11 listopada to dla Nas, Polak\u00f3w, jedna z najwa\u017cniejszych dat w kalendarzu. W\u0142a\u015bnie wtedy obchodzimy Narodowe \u015awi\u0119to Niepodleg\u0142o\u015bci.<\/span><\/div>\n<div dir=\"auto\"><span style=\"font-size: 14pt; color: #000000;\">W obchody tego wa\u017cnego dnia, w\u0142\u0105czy\u0142y si\u0119 tak\u017ce przedszkolaki wraz z nauczycielami i pracownikami przedszkola, przygotowuj\u0105c uroczyst\u0105 akademi\u0119. Od\u015bpiewali\u015bmy hymn narodowy i ogl\u0105dali\u015bmy przepi\u0119kne patriotyczne wyst\u0119py w wykonaniu grup starszych, podczas kt\u00f3rych przedszkolaki recytowa\u0142y patriotyczne wiersze, \u015bpiewa\u0142y piosenki oraz ta\u0144czy\u0142y <span class=\"x3nfvp2 x1j61x8r x1fcty0u xdj266r xhhsvwb xat24cr xgzva0m xxymvpz xlup9mm x1kky2od\"><img decoding=\"async\" src=\"https:\/\/static.xx.fbcdn.net\/images\/emoji.php\/v9\/t79\/1.5\/16\/1f1f5_1f1f1.png\" alt=\"&#x1f1f5;&#x1f1f1;\" width=\"16\" height=\"16\" \/><\/span><span class=\"x3nfvp2 x1j61x8r x1fcty0u xdj266r xhhsvwb xat24cr xgzva0m xxymvpz xlup9mm x1kky2od\"><img decoding=\"async\" src=\"https:\/\/static.xx.fbcdn.net\/images\/emoji.php\/v9\/t79\/1.5\/16\/1f1f5_1f1f1.png\" alt=\"&#x1f1f5;&#x1f1f1;\" width=\"16\" height=\"16\" \/><\/span><\/span><\/div>\n<\/div>\n<\/div>\n<\/div>\n<\/div>\n<\/div>\n","protected":false},"excerpt":{"rendered":"<p>11 listopada to dla Nas, Polak\u00f3w, jedna z najwa\u017cniejszych dat w kalendarzu. W\u0142a\u015bnie wtedy obchodzimy Narodowe \u015awi\u0119to Niepodleg\u0142o\u015bci. W obchody tego wa\u017cnego dnia, w\u0142\u0105czy\u0142y si\u0119 tak\u017ce przedszkolaki wraz z nauczycielami i pracownikami przedszkola, przygotowuj\u0105c uroczyst\u0105 akademi\u0119. Od\u015bpiewali\u015bmy hymn narodowy i ogl\u0105dali\u015bmy przepi\u0119kne patriotyczne wyst\u0119py w wykonaniu grup starszych, podczas kt\u00f3rych &hellip;<\/p>\n","protected":false},"author":1,"featured_media":0,"comment_status":"closed","ping_status":"open","sticky":false,"template":"","format":"standard","meta":{"footnotes":""},"categories":[17],"tags":[],"class_list":["post-3062","post","type-post","status-publish","format-standard","hentry","category-aktualnosci"],"_links":{"self":[{"href":"https:\/\/przedszkole12nowasol.pl\/index.php?rest_route=\/wp\/v2\/posts\/3062","targetHints":{"allow":["GET"]}}],"collection":[{"href":"https:\/\/przedszkole12nowasol.pl\/index.php?rest_route=\/wp\/v2\/posts"}],"about":[{"href":"https:\/\/przedszkole12nowasol.pl\/index.php?rest_route=\/wp\/v2\/types\/post"}],"author":[{"embeddable":true,"href":"https:\/\/przedszkole12nowasol.pl\/index.php?rest_route=\/wp\/v2\/users\/1"}],"replies":[{"embeddable":true,"href":"https:\/\/przedszkole12nowasol.pl\/index.php?rest_route=%2Fwp%2Fv2%2Fcomments&post=3062"}],"version-history":[{"count":1,"href":"https:\/\/przedszkole12nowasol.pl\/index.php?rest_route=\/wp\/v2\/posts\/3062\/revisions"}],"predecessor-version":[{"id":3064,"href":"https:\/\/przedszkole12nowasol.pl\/index.php?rest_route=\/wp\/v2\/posts\/3062\/revisions\/3064"}],"wp:attachment":[{"href":"https:\/\/przedszkole12nowasol.pl\/index.php?rest_route=%2Fwp%2Fv2%2Fmedia&parent=3062"}],"wp:term":[{"taxonomy":"category","embeddable":true,"href":"https:\/\/przedszkole12nowasol.pl\/index.php?rest_route=%2Fwp%2Fv2%2Fcategories&post=3062"},{"taxonomy":"post_tag","embeddable":true,"href":"https:\/\/przedszkole12nowasol.pl\/index.php?rest_route=%2Fwp%2Fv2%2Ftags&post=3062"}],"curies":[{"name":"wp","href":"https:\/\/api.w.org\/{rel}","templated":true}]}}