{"id":3065,"date":"2022-12-11T14:31:08","date_gmt":"2022-12-11T14:31:08","guid":{"rendered":"https:\/\/przedszkole12nowasol.pl\/?p=3065"},"modified":"2022-12-11T14:31:08","modified_gmt":"2022-12-11T14:31:08","slug":"spotkanie-z-mikolajem","status":"publish","type":"post","link":"https:\/\/przedszkole12nowasol.pl\/?p=3065","title":{"rendered":"Spotkanie z Miko\u0142ajem"},"content":{"rendered":"<p><img fetchpriority=\"high\" decoding=\"async\" class=\"alignnone size-full wp-image-3066\" src=\"https:\/\/przedszkole12nowasol.pl\/wp-content\/uploads\/2022\/12\/m7.jpg\" alt=\"\" width=\"895\" height=\"1024\" srcset=\"https:\/\/przedszkole12nowasol.pl\/wp-content\/uploads\/2022\/12\/m7.jpg 895w, https:\/\/przedszkole12nowasol.pl\/wp-content\/uploads\/2022\/12\/m7-262x300.jpg 262w, https:\/\/przedszkole12nowasol.pl\/wp-content\/uploads\/2022\/12\/m7-768x879.jpg 768w\" sizes=\"(max-width: 895px) 100vw, 895px\" \/><\/p>\n<p><span class=\"x193iq5w xeuugli x13faqbe x1vvkbs x1xmvt09 x1lliihq x1s928wv xhkezso x1gmr53x x1cpjm7i x1fgarty x1943h6x xudqn12 x3x7a5m x6prxxf xvq8zen xo1l8bm xzsf02u x1yc453h\" dir=\"auto\" style=\"font-size: 18pt; color: #000000;\">D\u0142ugo oczekiwany go\u015b\u0107 wywo\u0142a\u0142 u\u015bmiech na twarzach przedszkolak\u00f3w, Dzieci z ogromn\u0105 rado\u015bci\u0105 i u\u015bmiechem wita\u0142y Miko\u0142aja w przedszkolu.<\/span><\/p>\n<p><span class=\"x193iq5w xeuugli x13faqbe x1vvkbs x1xmvt09 x1lliihq x1s928wv xhkezso x1gmr53x x1cpjm7i x1fgarty x1943h6x xudqn12 x3x7a5m x6prxxf xvq8zen xo1l8bm xzsf02u x1yc453h\" dir=\"auto\" style=\"font-size: 14pt; color: #000000;\">Zapraszamy do obejrzenia zdj\u0119\u0107 w galerii w linku poni\u017cej:<\/span><\/p>\n<p><span style=\"font-size: 14pt; color: #000000;\">https:\/\/photos.app.goo.gl\/cr6XQMVDerkM2DrQ6<\/span><\/p>\n","protected":false},"excerpt":{"rendered":"<p>D\u0142ugo oczekiwany go\u015b\u0107 wywo\u0142a\u0142 u\u015bmiech na twarzach przedszkolak\u00f3w, Dzieci z ogromn\u0105 rado\u015bci\u0105 i u\u015bmiechem wita\u0142y Miko\u0142aja w przedszkolu. Zapraszamy do obejrzenia zdj\u0119\u0107 w galerii w linku poni\u017cej: https:\/\/photos.app.goo.gl\/cr6XQMVDerkM2DrQ6<\/p>\n","protected":false},"author":1,"featured_media":0,"comment_status":"closed","ping_status":"open","sticky":false,"template":"","format":"standard","meta":{"footnotes":""},"categories":[17],"tags":[],"class_list":["post-3065","post","type-post","status-publish","format-standard","hentry","category-aktualnosci"],"_links":{"self":[{"href":"https:\/\/przedszkole12nowasol.pl\/index.php?rest_route=\/wp\/v2\/posts\/3065","targetHints":{"allow":["GET"]}}],"collection":[{"href":"https:\/\/przedszkole12nowasol.pl\/index.php?rest_route=\/wp\/v2\/posts"}],"about":[{"href":"https:\/\/przedszkole12nowasol.pl\/index.php?rest_route=\/wp\/v2\/types\/post"}],"author":[{"embeddable":true,"href":"https:\/\/przedszkole12nowasol.pl\/index.php?rest_route=\/wp\/v2\/users\/1"}],"replies":[{"embeddable":true,"href":"https:\/\/przedszkole12nowasol.pl\/index.php?rest_route=%2Fwp%2Fv2%2Fcomments&post=3065"}],"version-history":[{"count":1,"href":"https:\/\/przedszkole12nowasol.pl\/index.php?rest_route=\/wp\/v2\/posts\/3065\/revisions"}],"predecessor-version":[{"id":3067,"href":"https:\/\/przedszkole12nowasol.pl\/index.php?rest_route=\/wp\/v2\/posts\/3065\/revisions\/3067"}],"wp:attachment":[{"href":"https:\/\/przedszkole12nowasol.pl\/index.php?rest_route=%2Fwp%2Fv2%2Fmedia&parent=3065"}],"wp:term":[{"taxonomy":"category","embeddable":true,"href":"https:\/\/przedszkole12nowasol.pl\/index.php?rest_route=%2Fwp%2Fv2%2Fcategories&post=3065"},{"taxonomy":"post_tag","embeddable":true,"href":"https:\/\/przedszkole12nowasol.pl\/index.php?rest_route=%2Fwp%2Fv2%2Ftags&post=3065"}],"curies":[{"name":"wp","href":"https:\/\/api.w.org\/{rel}","templated":true}]}}