{"id":3068,"date":"2022-12-11T14:34:03","date_gmt":"2022-12-11T14:34:03","guid":{"rendered":"https:\/\/przedszkole12nowasol.pl\/?p=3068"},"modified":"2022-12-11T14:34:03","modified_gmt":"2022-12-11T14:34:03","slug":"rozstrzygniecie-miedzyprzedszkolnego-konkursu-plastycznego-%f0%9f%8e%84-kalendarz-adwentowy-%f0%9f%8e%84","status":"publish","type":"post","link":"https:\/\/przedszkole12nowasol.pl\/?p=3068","title":{"rendered":"Rozstrzygni\u0119cie mi\u0119dzyprzedszkolnego konkursu plastycznego  &#x1f384;&#8221; Kalendarz adwentowy &#8220;&#x1f384;."},"content":{"rendered":"<p><img fetchpriority=\"high\" decoding=\"async\" class=\"alignnone size-full wp-image-3069\" src=\"https:\/\/przedszkole12nowasol.pl\/wp-content\/uploads\/2022\/12\/KONKURS.jpg\" alt=\"\" width=\"1024\" height=\"788\" srcset=\"https:\/\/przedszkole12nowasol.pl\/wp-content\/uploads\/2022\/12\/KONKURS.jpg 1024w, https:\/\/przedszkole12nowasol.pl\/wp-content\/uploads\/2022\/12\/KONKURS-300x231.jpg 300w, https:\/\/przedszkole12nowasol.pl\/wp-content\/uploads\/2022\/12\/KONKURS-768x591.jpg 768w, https:\/\/przedszkole12nowasol.pl\/wp-content\/uploads\/2022\/12\/KONKURS-390x300.jpg 390w\" sizes=\"(max-width: 1024px) 100vw, 1024px\" \/><\/p>\n<p><span class=\"x193iq5w xeuugli x13faqbe x1vvkbs x1xmvt09 x1lliihq x1s928wv xhkezso x1gmr53x x1cpjm7i x1fgarty x1943h6x xudqn12 x3x7a5m x6prxxf xvq8zen xo1l8bm xzsf02u\" dir=\"auto\" style=\"font-size: 14pt; color: #000000;\">Dnia 08.12.2022r., odby\u0142o si\u0119 uroczyste rozstrzygni\u0119cie mi\u0119dzyprzedszkolnego konkursu plastycznego <span class=\"x3nfvp2 x1j61x8r x1fcty0u xdj266r xhhsvwb xat24cr xgzva0m xxymvpz xlup9mm x1kky2od\"><img decoding=\"async\" src=\"https:\/\/static.xx.fbcdn.net\/images\/emoji.php\/v9\/t60\/1.5\/16\/1f384.png\" alt=\"&#x1f384;\" width=\"16\" height=\"16\" \/><\/span>&#8221; Kalendarz adwentowy &#8220;<span class=\"x3nfvp2 x1j61x8r x1fcty0u xdj266r xhhsvwb xat24cr xgzva0m xxymvpz xlup9mm x1kky2od\"><img decoding=\"async\" src=\"https:\/\/static.xx.fbcdn.net\/images\/emoji.php\/v9\/t60\/1.5\/16\/1f384.png\" alt=\"&#x1f384;\" width=\"16\" height=\"16\" \/><\/span>. W sk\u0142adzie komisji konkursowej mieli\u015bmy okazj\u0119 go\u015bci\u0107 Naczelnik Wydzia\u0142u O\u015bwiaty, Pani\u0105 Iren\u0119 Sienkiewicz . Wyb\u00f3r by\u0142 bardzo trudny, poniewa\u017c do przedszkola wp\u0142yn\u0119\u0142o siedem bardzo pomys\u0142owych i kreatywnych prac. Podczas g\u0142osowania decyzj\u0105 komisji konkursowej wy\u0142oniono laureat\u00f3w:<br \/>\nI miejsce zaj\u0119\u0142y dzieci 5letnie z Przedszkola nr 5 w Nowej Soli<br \/>\nII miejsce zaj\u0119\u0142y dzieci 6letnie z Przedszkola nr 6 w Nowej Soli<br \/>\nIII miejsce zaj\u0119\u0142y dzieci 6letnie z Przedszkola nr 11 w Nowej Soli<br \/>\nPozostali uczestnicy:<br \/>\nDzieci z Przedszkola nr 1 w Nowej Soli ,<br \/>\nDzieci z Przedszkola nr 7 w Nowej Soli ,<br \/>\nDzieci z Przedszkola nr 8 w Nowej Soli<br \/>\nDzieci z Przedszkola nr 9 w Nowej Soli,<br \/>\nzosta\u0142y nagrodzone za udzia\u0142 w konkursie .<br \/>\nBardzo dzi\u0119kujemy wszystkim plac\u00f3wkom przedszkolnym za wk\u0142ad pracy oraz zaanga\u017cowanie dzieci w konkursie.<br \/>\nWszystkim uczestnikom serdecznie gratulujemy<span class=\"x3nfvp2 x1j61x8r x1fcty0u xdj266r xhhsvwb xat24cr xgzva0m xxymvpz xlup9mm x1kky2od\"><img decoding=\"async\" src=\"https:\/\/static.xx.fbcdn.net\/images\/emoji.php\/v9\/t57\/1.5\/16\/1f44f.png\" alt=\"&#x1f44f;\" width=\"16\" height=\"16\" \/><\/span> <\/span><\/p>\n","protected":false},"excerpt":{"rendered":"<p>Dnia 08.12.2022r., odby\u0142o si\u0119 uroczyste rozstrzygni\u0119cie mi\u0119dzyprzedszkolnego konkursu plastycznego &#8221; Kalendarz adwentowy &#8220;. W sk\u0142adzie komisji konkursowej mieli\u015bmy okazj\u0119 go\u015bci\u0107 Naczelnik Wydzia\u0142u O\u015bwiaty, Pani\u0105 Iren\u0119 Sienkiewicz . Wyb\u00f3r by\u0142 bardzo trudny, poniewa\u017c do przedszkola wp\u0142yn\u0119\u0142o siedem bardzo pomys\u0142owych i kreatywnych prac. Podczas g\u0142osowania decyzj\u0105 komisji konkursowej wy\u0142oniono laureat\u00f3w: I miejsce &hellip;<\/p>\n","protected":false},"author":1,"featured_media":0,"comment_status":"closed","ping_status":"open","sticky":false,"template":"","format":"standard","meta":{"footnotes":""},"categories":[17],"tags":[],"class_list":["post-3068","post","type-post","status-publish","format-standard","hentry","category-aktualnosci"],"_links":{"self":[{"href":"https:\/\/przedszkole12nowasol.pl\/index.php?rest_route=\/wp\/v2\/posts\/3068","targetHints":{"allow":["GET"]}}],"collection":[{"href":"https:\/\/przedszkole12nowasol.pl\/index.php?rest_route=\/wp\/v2\/posts"}],"about":[{"href":"https:\/\/przedszkole12nowasol.pl\/index.php?rest_route=\/wp\/v2\/types\/post"}],"author":[{"embeddable":true,"href":"https:\/\/przedszkole12nowasol.pl\/index.php?rest_route=\/wp\/v2\/users\/1"}],"replies":[{"embeddable":true,"href":"https:\/\/przedszkole12nowasol.pl\/index.php?rest_route=%2Fwp%2Fv2%2Fcomments&post=3068"}],"version-history":[{"count":1,"href":"https:\/\/przedszkole12nowasol.pl\/index.php?rest_route=\/wp\/v2\/posts\/3068\/revisions"}],"predecessor-version":[{"id":3070,"href":"https:\/\/przedszkole12nowasol.pl\/index.php?rest_route=\/wp\/v2\/posts\/3068\/revisions\/3070"}],"wp:attachment":[{"href":"https:\/\/przedszkole12nowasol.pl\/index.php?rest_route=%2Fwp%2Fv2%2Fmedia&parent=3068"}],"wp:term":[{"taxonomy":"category","embeddable":true,"href":"https:\/\/przedszkole12nowasol.pl\/index.php?rest_route=%2Fwp%2Fv2%2Fcategories&post=3068"},{"taxonomy":"post_tag","embeddable":true,"href":"https:\/\/przedszkole12nowasol.pl\/index.php?rest_route=%2Fwp%2Fv2%2Ftags&post=3068"}],"curies":[{"name":"wp","href":"https:\/\/api.w.org\/{rel}","templated":true}]}}