{"id":3075,"date":"2022-12-26T18:11:07","date_gmt":"2022-12-26T18:11:07","guid":{"rendered":"https:\/\/przedszkole12nowasol.pl\/?p=3075"},"modified":"2022-12-26T18:11:07","modified_gmt":"2022-12-26T18:11:07","slug":"3075","status":"publish","type":"post","link":"https:\/\/przedszkole12nowasol.pl\/?p=3075","title":{"rendered":""},"content":{"rendered":"<p><img fetchpriority=\"high\" decoding=\"async\" class=\"alignnone size-full wp-image-3076\" src=\"https:\/\/przedszkole12nowasol.pl\/wp-content\/uploads\/2022\/12\/Zielone-\u017b\u00f3\u0142te-Czerwone-Ludowe-Ilustracyjne-Bo\u017ce-Narodzenie-\u017byczenia-Zdj\u0119cie-w-tle-dla-Facebooka2.png\" alt=\"\" width=\"1640\" height=\"924\" srcset=\"https:\/\/przedszkole12nowasol.pl\/wp-content\/uploads\/2022\/12\/Zielone-\u017b\u00f3\u0142te-Czerwone-Ludowe-Ilustracyjne-Bo\u017ce-Narodzenie-\u017byczenia-Zdj\u0119cie-w-tle-dla-Facebooka2.png 1640w, https:\/\/przedszkole12nowasol.pl\/wp-content\/uploads\/2022\/12\/Zielone-\u017b\u00f3\u0142te-Czerwone-Ludowe-Ilustracyjne-Bo\u017ce-Narodzenie-\u017byczenia-Zdj\u0119cie-w-tle-dla-Facebooka2-300x169.png 300w, https:\/\/przedszkole12nowasol.pl\/wp-content\/uploads\/2022\/12\/Zielone-\u017b\u00f3\u0142te-Czerwone-Ludowe-Ilustracyjne-Bo\u017ce-Narodzenie-\u017byczenia-Zdj\u0119cie-w-tle-dla-Facebooka2-768x433.png 768w, https:\/\/przedszkole12nowasol.pl\/wp-content\/uploads\/2022\/12\/Zielone-\u017b\u00f3\u0142te-Czerwone-Ludowe-Ilustracyjne-Bo\u017ce-Narodzenie-\u017byczenia-Zdj\u0119cie-w-tle-dla-Facebooka2-1024x577.png 1024w, https:\/\/przedszkole12nowasol.pl\/wp-content\/uploads\/2022\/12\/Zielone-\u017b\u00f3\u0142te-Czerwone-Ludowe-Ilustracyjne-Bo\u017ce-Narodzenie-\u017byczenia-Zdj\u0119cie-w-tle-dla-Facebooka2-532x300.png 532w\" sizes=\"(max-width: 1640px) 100vw, 1640px\" \/><\/p>\n","protected":false},"excerpt":{"rendered":"","protected":false},"author":1,"featured_media":0,"comment_status":"closed","ping_status":"open","sticky":false,"template":"","format":"standard","meta":{"footnotes":""},"categories":[17],"tags":[],"class_list":["post-3075","post","type-post","status-publish","format-standard","hentry","category-aktualnosci"],"_links":{"self":[{"href":"https:\/\/przedszkole12nowasol.pl\/index.php?rest_route=\/wp\/v2\/posts\/3075","targetHints":{"allow":["GET"]}}],"collection":[{"href":"https:\/\/przedszkole12nowasol.pl\/index.php?rest_route=\/wp\/v2\/posts"}],"about":[{"href":"https:\/\/przedszkole12nowasol.pl\/index.php?rest_route=\/wp\/v2\/types\/post"}],"author":[{"embeddable":true,"href":"https:\/\/przedszkole12nowasol.pl\/index.php?rest_route=\/wp\/v2\/users\/1"}],"replies":[{"embeddable":true,"href":"https:\/\/przedszkole12nowasol.pl\/index.php?rest_route=%2Fwp%2Fv2%2Fcomments&post=3075"}],"version-history":[{"count":1,"href":"https:\/\/przedszkole12nowasol.pl\/index.php?rest_route=\/wp\/v2\/posts\/3075\/revisions"}],"predecessor-version":[{"id":3077,"href":"https:\/\/przedszkole12nowasol.pl\/index.php?rest_route=\/wp\/v2\/posts\/3075\/revisions\/3077"}],"wp:attachment":[{"href":"https:\/\/przedszkole12nowasol.pl\/index.php?rest_route=%2Fwp%2Fv2%2Fmedia&parent=3075"}],"wp:term":[{"taxonomy":"category","embeddable":true,"href":"https:\/\/przedszkole12nowasol.pl\/index.php?rest_route=%2Fwp%2Fv2%2Fcategories&post=3075"},{"taxonomy":"post_tag","embeddable":true,"href":"https:\/\/przedszkole12nowasol.pl\/index.php?rest_route=%2Fwp%2Fv2%2Ftags&post=3075"}],"curies":[{"name":"wp","href":"https:\/\/api.w.org\/{rel}","templated":true}]}}