{"id":3080,"date":"2022-12-26T18:21:56","date_gmt":"2022-12-26T18:21:56","guid":{"rendered":"https:\/\/przedszkole12nowasol.pl\/?p=3080"},"modified":"2022-12-26T18:22:37","modified_gmt":"2022-12-26T18:22:37","slug":"wigilia-2","status":"publish","type":"post","link":"https:\/\/przedszkole12nowasol.pl\/?p=3080","title":{"rendered":"Wigilia"},"content":{"rendered":"<p><img fetchpriority=\"high\" decoding=\"async\" class=\"alignnone size-full wp-image-3079\" src=\"https:\/\/przedszkole12nowasol.pl\/wp-content\/uploads\/2022\/12\/321116186_562805325315535_6940900873637575312_n.jpg\" alt=\"\" width=\"720\" height=\"1600\" srcset=\"https:\/\/przedszkole12nowasol.pl\/wp-content\/uploads\/2022\/12\/321116186_562805325315535_6940900873637575312_n.jpg 720w, https:\/\/przedszkole12nowasol.pl\/wp-content\/uploads\/2022\/12\/321116186_562805325315535_6940900873637575312_n-135x300.jpg 135w, https:\/\/przedszkole12nowasol.pl\/wp-content\/uploads\/2022\/12\/321116186_562805325315535_6940900873637575312_n-461x1024.jpg 461w\" sizes=\"(max-width: 720px) 100vw, 720px\" \/><\/p>\n<p><span class=\"x193iq5w xeuugli x13faqbe x1vvkbs x1xmvt09 x1lliihq x1s928wv xhkezso x1gmr53x x1cpjm7i x1fgarty x1943h6x xudqn12 x3x7a5m x6prxxf xvq8zen xo1l8bm xzsf02u x1yc453h\" dir=\"auto\" style=\"color: #008000;\"><span style=\"font-size: 18pt;\">W blasku \u015bwiate\u0142 choinki przy pi\u0119knie przystrojonych sto\u0142ach dzieci w naszym przedszkolu z\u0142o\u017cy\u0142y sobie \u015bwi\u0105teczne \u017cyczenia<span class=\"x3nfvp2 x1j61x8r x1fcty0u xdj266r xhhsvwb xat24cr xgzva0m xxymvpz xlup9mm x1kky2od\"><img decoding=\"async\" src=\"https:\/\/static.xx.fbcdn.net\/images\/emoji.php\/v9\/t60\/1.5\/16\/1f384.png\" alt=\"&#x1f384;\" width=\"16\" height=\"16\" \/><\/span>. Nie zabrak\u0142o op\u0142atka, \u015bpiewu kol\u0119d oraz cudownej, ciep\u0142ej atmosfery.<\/span> <\/span><\/p>\n<p><span style=\"font-size: 14pt; color: #000000;\">Zapraszamy do obejrzenia zdj\u0119\u0107 w galerii w linku poni\u017cej:<\/span><\/p>\n<p><a href=\"https:\/\/photos.app.goo.gl\/jnzKdW2AMmeoz1fQ8\">https:\/\/photos.app.goo.gl\/jnzKdW2AMmeoz1fQ8<\/a><\/p>\n","protected":false},"excerpt":{"rendered":"<p>W blasku \u015bwiate\u0142 choinki przy pi\u0119knie przystrojonych sto\u0142ach dzieci w naszym przedszkolu z\u0142o\u017cy\u0142y sobie \u015bwi\u0105teczne \u017cyczenia. Nie zabrak\u0142o op\u0142atka, \u015bpiewu kol\u0119d oraz cudownej, ciep\u0142ej atmosfery. Zapraszamy do obejrzenia zdj\u0119\u0107 w galerii w linku poni\u017cej: https:\/\/photos.app.goo.gl\/jnzKdW2AMmeoz1fQ8<\/p>\n","protected":false},"author":1,"featured_media":0,"comment_status":"closed","ping_status":"open","sticky":false,"template":"","format":"standard","meta":{"footnotes":""},"categories":[17],"tags":[],"class_list":["post-3080","post","type-post","status-publish","format-standard","hentry","category-aktualnosci"],"_links":{"self":[{"href":"https:\/\/przedszkole12nowasol.pl\/index.php?rest_route=\/wp\/v2\/posts\/3080","targetHints":{"allow":["GET"]}}],"collection":[{"href":"https:\/\/przedszkole12nowasol.pl\/index.php?rest_route=\/wp\/v2\/posts"}],"about":[{"href":"https:\/\/przedszkole12nowasol.pl\/index.php?rest_route=\/wp\/v2\/types\/post"}],"author":[{"embeddable":true,"href":"https:\/\/przedszkole12nowasol.pl\/index.php?rest_route=\/wp\/v2\/users\/1"}],"replies":[{"embeddable":true,"href":"https:\/\/przedszkole12nowasol.pl\/index.php?rest_route=%2Fwp%2Fv2%2Fcomments&post=3080"}],"version-history":[{"count":2,"href":"https:\/\/przedszkole12nowasol.pl\/index.php?rest_route=\/wp\/v2\/posts\/3080\/revisions"}],"predecessor-version":[{"id":3082,"href":"https:\/\/przedszkole12nowasol.pl\/index.php?rest_route=\/wp\/v2\/posts\/3080\/revisions\/3082"}],"wp:attachment":[{"href":"https:\/\/przedszkole12nowasol.pl\/index.php?rest_route=%2Fwp%2Fv2%2Fmedia&parent=3080"}],"wp:term":[{"taxonomy":"category","embeddable":true,"href":"https:\/\/przedszkole12nowasol.pl\/index.php?rest_route=%2Fwp%2Fv2%2Fcategories&post=3080"},{"taxonomy":"post_tag","embeddable":true,"href":"https:\/\/przedszkole12nowasol.pl\/index.php?rest_route=%2Fwp%2Fv2%2Ftags&post=3080"}],"curies":[{"name":"wp","href":"https:\/\/api.w.org\/{rel}","templated":true}]}}