{"id":3099,"date":"2023-01-29T18:15:48","date_gmt":"2023-01-29T18:15:48","guid":{"rendered":"https:\/\/przedszkole12nowasol.pl\/?p=3099"},"modified":"2023-01-29T18:15:48","modified_gmt":"2023-01-29T18:15:48","slug":"bal-karnawalowy-4","status":"publish","type":"post","link":"https:\/\/przedszkole12nowasol.pl\/?p=3099","title":{"rendered":"BAL KARNAWA\u0141OWY"},"content":{"rendered":"<p><img fetchpriority=\"high\" decoding=\"async\" class=\"alignnone size-full wp-image-3100\" src=\"https:\/\/przedszkole12nowasol.pl\/wp-content\/uploads\/2023\/01\/326389410_1707047479697577_7256151866086505918_n.jpg\" alt=\"\" width=\"315\" height=\"315\" srcset=\"https:\/\/przedszkole12nowasol.pl\/wp-content\/uploads\/2023\/01\/326389410_1707047479697577_7256151866086505918_n.jpg 315w, https:\/\/przedszkole12nowasol.pl\/wp-content\/uploads\/2023\/01\/326389410_1707047479697577_7256151866086505918_n-150x150.jpg 150w, https:\/\/przedszkole12nowasol.pl\/wp-content\/uploads\/2023\/01\/326389410_1707047479697577_7256151866086505918_n-300x300.jpg 300w\" sizes=\"(max-width: 315px) 100vw, 315px\" \/><\/p>\n<p><span style=\"font-size: 18pt; color: #000000;\">Dnia 16 stycznia w naszym przedszkolu odby\u0142 si\u0119 bal karnawa\u0142owy <span class=\"x3nfvp2 x1j61x8r x1fcty0u xdj266r xhhsvwb xat24cr xgzva0m xxymvpz xlup9mm x1kky2od\"><img decoding=\"async\" src=\"https:\/\/static.xx.fbcdn.net\/images\/emoji.php\/v9\/te5\/1.5\/16\/1f389.png\" alt=\"&#x1f389;\" width=\"16\" height=\"16\" \/><\/span>. Tego dnia ju\u017c od samego dnia pojawia\u0142y si\u0119 kolorowe postacie. Dzieci przebrane min. za bohater\u00f3w znanych bajek z dum\u0105 prezentowa\u0142y stroje. Mo\u017cna by\u0142o spotka\u0107 ksi\u0119\u017cniczki, pirat\u00f3w, policjant\u00f3w i wr\u00f3\u017cki<span class=\"x3nfvp2 x1j61x8r x1fcty0u xdj266r xhhsvwb xat24cr xgzva0m xxymvpz xlup9mm x1kky2od\"><img decoding=\"async\" src=\"https:\/\/static.xx.fbcdn.net\/images\/emoji.php\/v9\/tfb\/1.5\/16\/1f468_200d_1f692.png\" alt=\"&#x1f468;&#x200d;&#x1f692;\" width=\"16\" height=\"16\" \/><\/span><span class=\"x3nfvp2 x1j61x8r x1fcty0u xdj266r xhhsvwb xat24cr xgzva0m xxymvpz xlup9mm x1kky2od\"><img loading=\"lazy\" decoding=\"async\" src=\"https:\/\/static.xx.fbcdn.net\/images\/emoji.php\/v9\/t0\/1.5\/16\/1f9b8.png\" alt=\"&#x1f9b8;\" width=\"16\" height=\"16\" \/><\/span><span class=\"x3nfvp2 x1j61x8r x1fcty0u xdj266r xhhsvwb xat24cr xgzva0m xxymvpz xlup9mm x1kky2od\"><img loading=\"lazy\" decoding=\"async\" src=\"https:\/\/static.xx.fbcdn.net\/images\/emoji.php\/v9\/t57\/1.5\/16\/1f9da_200d_2642.png\" alt=\"&#x1f9da;&#x200d;&#x2642;&#xfe0f;\" width=\"16\" height=\"16\" \/><\/span><span class=\"x3nfvp2 x1j61x8r x1fcty0u xdj266r xhhsvwb xat24cr xgzva0m xxymvpz xlup9mm x1kky2od\"><img loading=\"lazy\" decoding=\"async\" src=\"https:\/\/static.xx.fbcdn.net\/images\/emoji.php\/v9\/t6\/1.5\/16\/1f478.png\" alt=\"&#x1f478;\" width=\"16\" height=\"16\" \/><\/span>. Karnawa\u0142owy wystr\u00f3j holu wprowadza\u0142 w radosny nastr\u00f3j, a wodzirej zach\u0119ca\u0142 do weso\u0142ej zabawy<span class=\"x3nfvp2 x1j61x8r x1fcty0u xdj266r xhhsvwb xat24cr xgzva0m xxymvpz xlup9mm x1kky2od\"><img loading=\"lazy\" decoding=\"async\" src=\"https:\/\/static.xx.fbcdn.net\/images\/emoji.php\/v9\/t64\/1.5\/16\/1f388.png\" alt=\"&#x1f388;\" width=\"16\" height=\"16\" \/><\/span><span class=\"x3nfvp2 x1j61x8r x1fcty0u xdj266r xhhsvwb xat24cr xgzva0m xxymvpz xlup9mm x1kky2od\"><img loading=\"lazy\" decoding=\"async\" src=\"https:\/\/static.xx.fbcdn.net\/images\/emoji.php\/v9\/t7b\/1.5\/16\/2728.png\" alt=\"&#x2728;\" width=\"16\" height=\"16\" \/><\/span><span class=\"x3nfvp2 x1j61x8r x1fcty0u xdj266r xhhsvwb xat24cr xgzva0m xxymvpz xlup9mm x1kky2od\"><img loading=\"lazy\" decoding=\"async\" src=\"https:\/\/static.xx.fbcdn.net\/images\/emoji.php\/v9\/tc6\/1.5\/16\/1f973.png\" alt=\"&#x1f973;\" width=\"16\" height=\"16\" \/><\/span>.<\/span><\/p>\n<p><span style=\"font-size: 12pt; color: #000000;\">Zapraszamy do obejrzenia galerii zdj\u0119\u0107 w linku poni\u017cej:<\/span><\/p>\n<p><a href=\"https:\/\/photos.app.goo.gl\/VsuyS7xKbieTw9dc9\">https:\/\/photos.app.goo.gl\/VsuyS7xKbieTw9dc9<\/a><\/p>\n","protected":false},"excerpt":{"rendered":"<p>Dnia 16 stycznia w naszym przedszkolu odby\u0142 si\u0119 bal karnawa\u0142owy . Tego dnia ju\u017c od samego dnia pojawia\u0142y si\u0119 kolorowe postacie. Dzieci przebrane min. za bohater\u00f3w znanych bajek z dum\u0105 prezentowa\u0142y stroje. Mo\u017cna by\u0142o spotka\u0107 ksi\u0119\u017cniczki, pirat\u00f3w, policjant\u00f3w i wr\u00f3\u017cki. Karnawa\u0142owy wystr\u00f3j holu wprowadza\u0142 w radosny nastr\u00f3j, a wodzirej zach\u0119ca\u0142 &hellip;<\/p>\n","protected":false},"author":1,"featured_media":0,"comment_status":"closed","ping_status":"open","sticky":false,"template":"","format":"standard","meta":{"footnotes":""},"categories":[17],"tags":[],"class_list":["post-3099","post","type-post","status-publish","format-standard","hentry","category-aktualnosci"],"_links":{"self":[{"href":"https:\/\/przedszkole12nowasol.pl\/index.php?rest_route=\/wp\/v2\/posts\/3099","targetHints":{"allow":["GET"]}}],"collection":[{"href":"https:\/\/przedszkole12nowasol.pl\/index.php?rest_route=\/wp\/v2\/posts"}],"about":[{"href":"https:\/\/przedszkole12nowasol.pl\/index.php?rest_route=\/wp\/v2\/types\/post"}],"author":[{"embeddable":true,"href":"https:\/\/przedszkole12nowasol.pl\/index.php?rest_route=\/wp\/v2\/users\/1"}],"replies":[{"embeddable":true,"href":"https:\/\/przedszkole12nowasol.pl\/index.php?rest_route=%2Fwp%2Fv2%2Fcomments&post=3099"}],"version-history":[{"count":1,"href":"https:\/\/przedszkole12nowasol.pl\/index.php?rest_route=\/wp\/v2\/posts\/3099\/revisions"}],"predecessor-version":[{"id":3101,"href":"https:\/\/przedszkole12nowasol.pl\/index.php?rest_route=\/wp\/v2\/posts\/3099\/revisions\/3101"}],"wp:attachment":[{"href":"https:\/\/przedszkole12nowasol.pl\/index.php?rest_route=%2Fwp%2Fv2%2Fmedia&parent=3099"}],"wp:term":[{"taxonomy":"category","embeddable":true,"href":"https:\/\/przedszkole12nowasol.pl\/index.php?rest_route=%2Fwp%2Fv2%2Fcategories&post=3099"},{"taxonomy":"post_tag","embeddable":true,"href":"https:\/\/przedszkole12nowasol.pl\/index.php?rest_route=%2Fwp%2Fv2%2Ftags&post=3099"}],"curies":[{"name":"wp","href":"https:\/\/api.w.org\/{rel}","templated":true}]}}