{"id":3102,"date":"2023-01-29T20:44:36","date_gmt":"2023-01-29T20:44:36","guid":{"rendered":"https:\/\/przedszkole12nowasol.pl\/?p=3102"},"modified":"2023-01-29T20:45:24","modified_gmt":"2023-01-29T20:45:24","slug":"dzien-babci-i-dziadka-5","status":"publish","type":"post","link":"https:\/\/przedszkole12nowasol.pl\/?p=3102","title":{"rendered":"DZIE\u0143 BABCI I DZIADKA"},"content":{"rendered":"<p><img fetchpriority=\"high\" decoding=\"async\" class=\"alignnone size-full wp-image-3103\" src=\"https:\/\/przedszkole12nowasol.pl\/wp-content\/uploads\/2023\/01\/326386008_558242626186239_4665716090896837408_n.jpg\" alt=\"\" width=\"315\" height=\"315\" srcset=\"https:\/\/przedszkole12nowasol.pl\/wp-content\/uploads\/2023\/01\/326386008_558242626186239_4665716090896837408_n.jpg 315w, https:\/\/przedszkole12nowasol.pl\/wp-content\/uploads\/2023\/01\/326386008_558242626186239_4665716090896837408_n-150x150.jpg 150w, https:\/\/przedszkole12nowasol.pl\/wp-content\/uploads\/2023\/01\/326386008_558242626186239_4665716090896837408_n-300x300.jpg 300w\" sizes=\"(max-width: 315px) 100vw, 315px\" \/><\/p>\n<p><span style=\"font-size: 18pt; color: #ff0000;\">Dzie\u0144 Babci i Dziadka w przedszkolu jest wielkim wydarzeniem. W ka\u017cdej grupie dzieci przygotowa\u0142y dla Bab\u0107 i Dziadk\u00f3w artystyczn\u0105 niespodziank\u0119. Podczas uroczysto\u015bci najm\u0142odsi mieli okazj\u0119 nie tylko opowiedzie\u0107 Dziadkom o tym, jak s\u0105 dla nich wa\u017cni, ale tak\u017ce zademonstrowa\u0107 swoje umiej\u0119tno\u015bci. Wszystkim kochanym Babciom i Dziadkom sk\u0142adamy najpi\u0119kniejsze \u017cyczenie i dzi\u0119kujemy za tak liczne przybycie na wyst\u0119py.<\/span><\/p>\n<p><span style=\"font-size: 14pt; color: #000000;\">Zapraszamy do obejrzenia galerii zdj\u0119\u0107 w linku poni\u017cej:<\/span><\/p>\n<p><a href=\"https:\/\/photos.app.goo.gl\/cKVoniZY6PYCjYje8\">https:\/\/photos.app.goo.gl\/cKVoniZY6PYCjYje8<\/a><\/p>\n","protected":false},"excerpt":{"rendered":"<p>Dzie\u0144 Babci i Dziadka w przedszkolu jest wielkim wydarzeniem. W ka\u017cdej grupie dzieci przygotowa\u0142y dla Bab\u0107 i Dziadk\u00f3w artystyczn\u0105 niespodziank\u0119. Podczas uroczysto\u015bci najm\u0142odsi mieli okazj\u0119 nie tylko opowiedzie\u0107 Dziadkom o tym, jak s\u0105 dla nich wa\u017cni, ale tak\u017ce zademonstrowa\u0107 swoje umiej\u0119tno\u015bci. Wszystkim kochanym Babciom i Dziadkom sk\u0142adamy najpi\u0119kniejsze \u017cyczenie i &hellip;<\/p>\n","protected":false},"author":1,"featured_media":0,"comment_status":"closed","ping_status":"open","sticky":false,"template":"","format":"standard","meta":{"footnotes":""},"categories":[17],"tags":[],"class_list":["post-3102","post","type-post","status-publish","format-standard","hentry","category-aktualnosci"],"_links":{"self":[{"href":"https:\/\/przedszkole12nowasol.pl\/index.php?rest_route=\/wp\/v2\/posts\/3102","targetHints":{"allow":["GET"]}}],"collection":[{"href":"https:\/\/przedszkole12nowasol.pl\/index.php?rest_route=\/wp\/v2\/posts"}],"about":[{"href":"https:\/\/przedszkole12nowasol.pl\/index.php?rest_route=\/wp\/v2\/types\/post"}],"author":[{"embeddable":true,"href":"https:\/\/przedszkole12nowasol.pl\/index.php?rest_route=\/wp\/v2\/users\/1"}],"replies":[{"embeddable":true,"href":"https:\/\/przedszkole12nowasol.pl\/index.php?rest_route=%2Fwp%2Fv2%2Fcomments&post=3102"}],"version-history":[{"count":1,"href":"https:\/\/przedszkole12nowasol.pl\/index.php?rest_route=\/wp\/v2\/posts\/3102\/revisions"}],"predecessor-version":[{"id":3104,"href":"https:\/\/przedszkole12nowasol.pl\/index.php?rest_route=\/wp\/v2\/posts\/3102\/revisions\/3104"}],"wp:attachment":[{"href":"https:\/\/przedszkole12nowasol.pl\/index.php?rest_route=%2Fwp%2Fv2%2Fmedia&parent=3102"}],"wp:term":[{"taxonomy":"category","embeddable":true,"href":"https:\/\/przedszkole12nowasol.pl\/index.php?rest_route=%2Fwp%2Fv2%2Fcategories&post=3102"},{"taxonomy":"post_tag","embeddable":true,"href":"https:\/\/przedszkole12nowasol.pl\/index.php?rest_route=%2Fwp%2Fv2%2Ftags&post=3102"}],"curies":[{"name":"wp","href":"https:\/\/api.w.org\/{rel}","templated":true}]}}