{"id":3105,"date":"2023-01-29T21:35:43","date_gmt":"2023-01-29T21:35:43","guid":{"rendered":"https:\/\/przedszkole12nowasol.pl\/?p=3105"},"modified":"2023-01-29T21:35:43","modified_gmt":"2023-01-29T21:35:43","slug":"swiateczne-spotkanie-z-przedszkolnymi-artystami-2","status":"publish","type":"post","link":"https:\/\/przedszkole12nowasol.pl\/?p=3105","title":{"rendered":"\u015aWI\u0104TECZNE SPOTKANIE Z PRZEDSZKOLNYMI ARTYSTAMI"},"content":{"rendered":"<p><img fetchpriority=\"high\" decoding=\"async\" class=\"alignnone size-full wp-image-3106\" src=\"https:\/\/przedszkole12nowasol.pl\/wp-content\/uploads\/2023\/01\/326791100_1373616226789788_941295246843094770_n.jpg\" alt=\"\" width=\"2016\" height=\"1512\" srcset=\"https:\/\/przedszkole12nowasol.pl\/wp-content\/uploads\/2023\/01\/326791100_1373616226789788_941295246843094770_n.jpg 2016w, https:\/\/przedszkole12nowasol.pl\/wp-content\/uploads\/2023\/01\/326791100_1373616226789788_941295246843094770_n-300x225.jpg 300w, https:\/\/przedszkole12nowasol.pl\/wp-content\/uploads\/2023\/01\/326791100_1373616226789788_941295246843094770_n-768x576.jpg 768w, https:\/\/przedszkole12nowasol.pl\/wp-content\/uploads\/2023\/01\/326791100_1373616226789788_941295246843094770_n-1024x768.jpg 1024w, https:\/\/przedszkole12nowasol.pl\/wp-content\/uploads\/2023\/01\/326791100_1373616226789788_941295246843094770_n-400x300.jpg 400w\" sizes=\"(max-width: 2016px) 100vw, 2016px\" \/><\/p>\n<p><span style=\"color: #000000; font-size: 18pt;\">22 stycznia 2023r. w Nowosolskim Domu Kultury odby\u0142 si\u0119 wyj\u0105tkowy wyst\u0119p, w kt\u00f3rym artystami by\u0142y przedszkolaki. Dzieci z Przedszkola nr 12 wystawi\u0142y przedstawienie teatralne pt. &#8220;W pracowni \u015awi\u0119tego Miko\u0142aja, natomiast dzieci z Przedszkola nr 6 wystawi\u0142y Jase\u0142ka. By\u0142o to wspania\u0142e widowisko, kt\u00f3re dostarczy\u0142o niezapomnianych wra\u017ce\u0144 licznej publiczno\u015bci.\u00a0<\/span><\/p>\n<p><span style=\"font-size: 14pt; color: #000000;\">Zapraszamy do obejrzenia galerii zdj\u0119\u0107 w linku poni\u017cej:<\/span><\/p>\n<p><a href=\"https:\/\/photos.app.goo.gl\/ntWdQH5BrwXgwsvU7\">https:\/\/photos.app.goo.gl\/ntWdQH5BrwXgwsvU7<\/a><\/p>\n","protected":false},"excerpt":{"rendered":"<p>22 stycznia 2023r. w Nowosolskim Domu Kultury odby\u0142 si\u0119 wyj\u0105tkowy wyst\u0119p, w kt\u00f3rym artystami by\u0142y przedszkolaki. Dzieci z Przedszkola nr 12 wystawi\u0142y przedstawienie teatralne pt. &#8220;W pracowni \u015awi\u0119tego Miko\u0142aja, natomiast dzieci z Przedszkola nr 6 wystawi\u0142y Jase\u0142ka. By\u0142o to wspania\u0142e widowisko, kt\u00f3re dostarczy\u0142o niezapomnianych wra\u017ce\u0144 licznej publiczno\u015bci.\u00a0 Zapraszamy do obejrzenia &hellip;<\/p>\n","protected":false},"author":1,"featured_media":0,"comment_status":"closed","ping_status":"open","sticky":false,"template":"","format":"standard","meta":{"footnotes":""},"categories":[17],"tags":[],"class_list":["post-3105","post","type-post","status-publish","format-standard","hentry","category-aktualnosci"],"_links":{"self":[{"href":"https:\/\/przedszkole12nowasol.pl\/index.php?rest_route=\/wp\/v2\/posts\/3105","targetHints":{"allow":["GET"]}}],"collection":[{"href":"https:\/\/przedszkole12nowasol.pl\/index.php?rest_route=\/wp\/v2\/posts"}],"about":[{"href":"https:\/\/przedszkole12nowasol.pl\/index.php?rest_route=\/wp\/v2\/types\/post"}],"author":[{"embeddable":true,"href":"https:\/\/przedszkole12nowasol.pl\/index.php?rest_route=\/wp\/v2\/users\/1"}],"replies":[{"embeddable":true,"href":"https:\/\/przedszkole12nowasol.pl\/index.php?rest_route=%2Fwp%2Fv2%2Fcomments&post=3105"}],"version-history":[{"count":1,"href":"https:\/\/przedszkole12nowasol.pl\/index.php?rest_route=\/wp\/v2\/posts\/3105\/revisions"}],"predecessor-version":[{"id":3107,"href":"https:\/\/przedszkole12nowasol.pl\/index.php?rest_route=\/wp\/v2\/posts\/3105\/revisions\/3107"}],"wp:attachment":[{"href":"https:\/\/przedszkole12nowasol.pl\/index.php?rest_route=%2Fwp%2Fv2%2Fmedia&parent=3105"}],"wp:term":[{"taxonomy":"category","embeddable":true,"href":"https:\/\/przedszkole12nowasol.pl\/index.php?rest_route=%2Fwp%2Fv2%2Fcategories&post=3105"},{"taxonomy":"post_tag","embeddable":true,"href":"https:\/\/przedszkole12nowasol.pl\/index.php?rest_route=%2Fwp%2Fv2%2Ftags&post=3105"}],"curies":[{"name":"wp","href":"https:\/\/api.w.org\/{rel}","templated":true}]}}