{"id":3168,"date":"2023-05-26T11:56:32","date_gmt":"2023-05-26T11:56:32","guid":{"rendered":"https:\/\/przedszkole12nowasol.pl\/?p=3168"},"modified":"2023-05-26T11:56:32","modified_gmt":"2023-05-26T11:56:32","slug":"wycieczka-krasnoludkow-i-zabek","status":"publish","type":"post","link":"https:\/\/przedszkole12nowasol.pl\/?p=3168","title":{"rendered":"Wycieczka Krasnoludk\u00f3w i \u017babek"},"content":{"rendered":"<p><img fetchpriority=\"high\" decoding=\"async\" class=\"alignnone size-full wp-image-3169\" src=\"https:\/\/przedszkole12nowasol.pl\/wp-content\/uploads\/2023\/05\/347079670_1224337974891700_568594506416958400_n.jpg\" alt=\"\" width=\"2048\" height=\"1536\" srcset=\"https:\/\/przedszkole12nowasol.pl\/wp-content\/uploads\/2023\/05\/347079670_1224337974891700_568594506416958400_n.jpg 2048w, https:\/\/przedszkole12nowasol.pl\/wp-content\/uploads\/2023\/05\/347079670_1224337974891700_568594506416958400_n-300x225.jpg 300w, https:\/\/przedszkole12nowasol.pl\/wp-content\/uploads\/2023\/05\/347079670_1224337974891700_568594506416958400_n-1024x768.jpg 1024w, https:\/\/przedszkole12nowasol.pl\/wp-content\/uploads\/2023\/05\/347079670_1224337974891700_568594506416958400_n-768x576.jpg 768w, https:\/\/przedszkole12nowasol.pl\/wp-content\/uploads\/2023\/05\/347079670_1224337974891700_568594506416958400_n-1536x1152.jpg 1536w, https:\/\/przedszkole12nowasol.pl\/wp-content\/uploads\/2023\/05\/347079670_1224337974891700_568594506416958400_n-400x300.jpg 400w\" sizes=\"(max-width: 2048px) 100vw, 2048px\" \/><\/p>\n<p><span style=\"font-size: 14pt; color: #000000;\">W poniedzia\u0142ek 8 maja dzieci z grupy \u017babki i Krasnoludki pojecha\u0142y na swoj\u0105 pierwsz\u0105 autokarowa wycieczk\u0119. Ju\u017c sama podr\u00f3\u017c takim du\u017cym autobusem by\u0142a wielkim prze\u017cyciem. Dzieci odwiedzi\u0142y gospodarstwo agroturystyczne w Czarnej. Mia\u0142y okazj\u0119 zobaczy\u0107 i nakarmi\u0107 zwierz\u0119ta tam \u017cyj\u0105ce. By\u0142y r\u00f3wnie\u017c warsztaty lepienia z gliny, du\u017cy plac zabaw i mn\u00f3stwo miejsca do biegania. Gdy dzieci zg\u0142odnia\u0142y mog\u0142y zje\u015b\u0107 pyszn\u0105 kie\u0142bask\u0119 z grilla. Pogoda dopisa\u0142a, humory te\u017c jednym s\u0142owem wycieczka by\u0142a bardzo udana<span class=\"x3nfvp2 x1j61x8r x1fcty0u xdj266r xhhsvwb xat24cr xgzva0m xxymvpz xlup9mm x1kky2od\"><img decoding=\"async\" src=\"https:\/\/static.xx.fbcdn.net\/images\/emoji.php\/v9\/tf4\/1.5\/16\/2600.png\" alt=\"&#x2600;&#xfe0f;\" width=\"16\" height=\"16\" \/><\/span><\/span><\/p>\n<p><span style=\"color: #ff6600; font-size: 14pt;\"><strong>Zapraszamy do obejrzenia galerii zdj\u0119\u0107 w linku poni\u017cej:<\/strong><\/span><\/p>\n<p><a href=\"https:\/\/photos.app.goo.gl\/D2QWvG1bi6N3UZ5a7\">https:\/\/photos.app.goo.gl\/D2QWvG1bi6N3UZ5a7<\/a><\/p>\n<p>&nbsp;<\/p>\n","protected":false},"excerpt":{"rendered":"<p>W poniedzia\u0142ek 8 maja dzieci z grupy \u017babki i Krasnoludki pojecha\u0142y na swoj\u0105 pierwsz\u0105 autokarowa wycieczk\u0119. Ju\u017c sama podr\u00f3\u017c takim du\u017cym autobusem by\u0142a wielkim prze\u017cyciem. Dzieci odwiedzi\u0142y gospodarstwo agroturystyczne w Czarnej. Mia\u0142y okazj\u0119 zobaczy\u0107 i nakarmi\u0107 zwierz\u0119ta tam \u017cyj\u0105ce. By\u0142y r\u00f3wnie\u017c warsztaty lepienia z gliny, du\u017cy plac zabaw i mn\u00f3stwo &hellip;<\/p>\n","protected":false},"author":1,"featured_media":0,"comment_status":"closed","ping_status":"open","sticky":false,"template":"","format":"standard","meta":{"footnotes":""},"categories":[17],"tags":[],"class_list":["post-3168","post","type-post","status-publish","format-standard","hentry","category-aktualnosci"],"_links":{"self":[{"href":"https:\/\/przedszkole12nowasol.pl\/index.php?rest_route=\/wp\/v2\/posts\/3168","targetHints":{"allow":["GET"]}}],"collection":[{"href":"https:\/\/przedszkole12nowasol.pl\/index.php?rest_route=\/wp\/v2\/posts"}],"about":[{"href":"https:\/\/przedszkole12nowasol.pl\/index.php?rest_route=\/wp\/v2\/types\/post"}],"author":[{"embeddable":true,"href":"https:\/\/przedszkole12nowasol.pl\/index.php?rest_route=\/wp\/v2\/users\/1"}],"replies":[{"embeddable":true,"href":"https:\/\/przedszkole12nowasol.pl\/index.php?rest_route=%2Fwp%2Fv2%2Fcomments&post=3168"}],"version-history":[{"count":1,"href":"https:\/\/przedszkole12nowasol.pl\/index.php?rest_route=\/wp\/v2\/posts\/3168\/revisions"}],"predecessor-version":[{"id":3170,"href":"https:\/\/przedszkole12nowasol.pl\/index.php?rest_route=\/wp\/v2\/posts\/3168\/revisions\/3170"}],"wp:attachment":[{"href":"https:\/\/przedszkole12nowasol.pl\/index.php?rest_route=%2Fwp%2Fv2%2Fmedia&parent=3168"}],"wp:term":[{"taxonomy":"category","embeddable":true,"href":"https:\/\/przedszkole12nowasol.pl\/index.php?rest_route=%2Fwp%2Fv2%2Fcategories&post=3168"},{"taxonomy":"post_tag","embeddable":true,"href":"https:\/\/przedszkole12nowasol.pl\/index.php?rest_route=%2Fwp%2Fv2%2Ftags&post=3168"}],"curies":[{"name":"wp","href":"https:\/\/api.w.org\/{rel}","templated":true}]}}