{"id":3171,"date":"2023-05-26T12:00:40","date_gmt":"2023-05-26T12:00:40","guid":{"rendered":"https:\/\/przedszkole12nowasol.pl\/?p=3171"},"modified":"2023-05-26T12:00:40","modified_gmt":"2023-05-26T12:00:40","slug":"xii-powiatowy-przeglad-piesni-patriotycznej-i-piosenki-zolnierskiej","status":"publish","type":"post","link":"https:\/\/przedszkole12nowasol.pl\/?p=3171","title":{"rendered":"XII Powiatowy Przegl\u0105d Pie\u015bni Patriotycznej i Piosenki \u017bo\u0142nierskiej"},"content":{"rendered":"<p><img fetchpriority=\"high\" decoding=\"async\" class=\"alignnone size-full wp-image-3172\" src=\"https:\/\/przedszkole12nowasol.pl\/wp-content\/uploads\/2023\/05\/347100445_920255489243517_4134797388080165735_n.jpg\" alt=\"\" width=\"1024\" height=\"768\" srcset=\"https:\/\/przedszkole12nowasol.pl\/wp-content\/uploads\/2023\/05\/347100445_920255489243517_4134797388080165735_n.jpg 1024w, https:\/\/przedszkole12nowasol.pl\/wp-content\/uploads\/2023\/05\/347100445_920255489243517_4134797388080165735_n-300x225.jpg 300w, https:\/\/przedszkole12nowasol.pl\/wp-content\/uploads\/2023\/05\/347100445_920255489243517_4134797388080165735_n-768x576.jpg 768w, https:\/\/przedszkole12nowasol.pl\/wp-content\/uploads\/2023\/05\/347100445_920255489243517_4134797388080165735_n-400x300.jpg 400w\" sizes=\"(max-width: 1024px) 100vw, 1024px\" \/><\/p>\n<div dir=\"auto\" style=\"text-align: center;\"><span style=\"color: #000000;\"><strong><span style=\"font-size: 14pt;\">Dnia 11 maja dzieci z grupy <span class=\"x3nfvp2 x1j61x8r x1fcty0u xdj266r xhhsvwb xat24cr xgzva0m xxymvpz xlup9mm x1kky2od\"><img decoding=\"async\" src=\"https:\/\/static.xx.fbcdn.net\/images\/emoji.php\/v9\/t78\/1.5\/16\/1f41d.png\" alt=\"&#x1f41d;\" width=\"16\" height=\"16\" \/><\/span> Pszcz\u00f3\u0142ek <span class=\"x3nfvp2 x1j61x8r x1fcty0u xdj266r xhhsvwb xat24cr xgzva0m xxymvpz xlup9mm x1kky2od\"><img decoding=\"async\" src=\"https:\/\/static.xx.fbcdn.net\/images\/emoji.php\/v9\/t78\/1.5\/16\/1f41d.png\" alt=\"&#x1f41d;\" width=\"16\" height=\"16\" \/><\/span> wzi\u0119\u0142y udzia\u0142 w XII Powiatowym Przegl\u0105dzie Pie\u015bni Patriotycznej i Piosenki \u017bo\u0142nierskiej organizowanym przez Szko\u0142\u0119 Podstawow\u0105 Nr 8 w Nowej Soli. Przegl\u0105d obj\u0119ty jest Patronatem Nowosolskiego Stowarzyszenia Nasza Polska 2015 oraz Starosty Nowosolskiego. Dzieci wykona\u0142y piosenk\u0119 patriotyczn\u0105 &#8220;To w\u0142a\u015bnie Polska&#8221; zajmuj\u0105c I miejsce <span class=\"x3nfvp2 x1j61x8r x1fcty0u xdj266r xhhsvwb xat24cr xgzva0m xxymvpz xlup9mm x1kky2od\"><img decoding=\"async\" src=\"https:\/\/static.xx.fbcdn.net\/images\/emoji.php\/v9\/t79\/1.5\/16\/1f1f5_1f1f1.png\" alt=\"&#x1f1f5;&#x1f1f1;\" width=\"16\" height=\"16\" \/><\/span><span class=\"x3nfvp2 x1j61x8r x1fcty0u xdj266r xhhsvwb xat24cr xgzva0m xxymvpz xlup9mm x1kky2od\"><img loading=\"lazy\" decoding=\"async\" src=\"https:\/\/static.xx.fbcdn.net\/images\/emoji.php\/v9\/tf3\/1.5\/16\/2764.png\" alt=\"&#x2764;&#xfe0f;\" width=\"16\" height=\"16\" \/><\/span>.<\/span><\/strong><\/span><\/div>\n<div dir=\"auto\"><strong><span style=\"font-size: 14pt;\"><span style=\"color: #000000;\">\u00a0 \u00a0 \u00a0 \u00a0 \u00a0 \u00a0 \u00a0 \u00a0 \u00a0 \u00a0 \u00a0 \u00a0 \u00a0 \u00a0 \u00a0 \u00a0 \u00a0 \u00a0 \u00a0 \u00a0 \u00a0 \u00a0 \u00a0 \u00a0 \u00a0 \u00a0 \u00a0 \u00a0 \u00a0 \u00a0 \u00a0 \u00a0 \u00a0 \u00a0 \u00a0 \u00a0 \u00a0 \u00a0 \u00a0 \u00a0 Serdecznie gratulujemy! <span class=\"x3nfvp2 x1j61x8r x1fcty0u xdj266r xhhsvwb xat24cr xgzva0m xxymvpz xlup9mm x1kky2od\"><img loading=\"lazy\" decoding=\"async\" src=\"https:\/\/static.xx.fbcdn.net\/images\/emoji.php\/v9\/t57\/1.5\/16\/1f44f.png\" alt=\"&#x1f44f;\" width=\"16\" height=\"16\" \/><\/span><\/span><\/span><\/strong><\/div>\n<div dir=\"auto\"><\/div>\n<div dir=\"auto\"><span style=\"color: #ff0000; font-size: 14pt;\"><strong>Zapraszamy do obejrzenia galerii zdj\u0119\u0107 w linku poni\u017cej:<\/strong><\/span><\/div>\n<div dir=\"auto\"><a href=\"https:\/\/photos.app.goo.gl\/nbEpBttYYaAkomYG9\">https:\/\/photos.app.goo.gl\/nbEpBttYYaAkomYG9<\/a><\/div>\n","protected":false},"excerpt":{"rendered":"<p>Dnia 11 maja dzieci z grupy Pszcz\u00f3\u0142ek wzi\u0119\u0142y udzia\u0142 w XII Powiatowym Przegl\u0105dzie Pie\u015bni Patriotycznej i Piosenki \u017bo\u0142nierskiej organizowanym przez Szko\u0142\u0119 Podstawow\u0105 Nr 8 w Nowej Soli. Przegl\u0105d obj\u0119ty jest Patronatem Nowosolskiego Stowarzyszenia Nasza Polska 2015 oraz Starosty Nowosolskiego. Dzieci wykona\u0142y piosenk\u0119 patriotyczn\u0105 &#8220;To w\u0142a\u015bnie Polska&#8221; zajmuj\u0105c I miejsce . &hellip;<\/p>\n","protected":false},"author":1,"featured_media":0,"comment_status":"closed","ping_status":"open","sticky":false,"template":"","format":"standard","meta":{"footnotes":""},"categories":[17],"tags":[],"class_list":["post-3171","post","type-post","status-publish","format-standard","hentry","category-aktualnosci"],"_links":{"self":[{"href":"https:\/\/przedszkole12nowasol.pl\/index.php?rest_route=\/wp\/v2\/posts\/3171","targetHints":{"allow":["GET"]}}],"collection":[{"href":"https:\/\/przedszkole12nowasol.pl\/index.php?rest_route=\/wp\/v2\/posts"}],"about":[{"href":"https:\/\/przedszkole12nowasol.pl\/index.php?rest_route=\/wp\/v2\/types\/post"}],"author":[{"embeddable":true,"href":"https:\/\/przedszkole12nowasol.pl\/index.php?rest_route=\/wp\/v2\/users\/1"}],"replies":[{"embeddable":true,"href":"https:\/\/przedszkole12nowasol.pl\/index.php?rest_route=%2Fwp%2Fv2%2Fcomments&post=3171"}],"version-history":[{"count":1,"href":"https:\/\/przedszkole12nowasol.pl\/index.php?rest_route=\/wp\/v2\/posts\/3171\/revisions"}],"predecessor-version":[{"id":3173,"href":"https:\/\/przedszkole12nowasol.pl\/index.php?rest_route=\/wp\/v2\/posts\/3171\/revisions\/3173"}],"wp:attachment":[{"href":"https:\/\/przedszkole12nowasol.pl\/index.php?rest_route=%2Fwp%2Fv2%2Fmedia&parent=3171"}],"wp:term":[{"taxonomy":"category","embeddable":true,"href":"https:\/\/przedszkole12nowasol.pl\/index.php?rest_route=%2Fwp%2Fv2%2Fcategories&post=3171"},{"taxonomy":"post_tag","embeddable":true,"href":"https:\/\/przedszkole12nowasol.pl\/index.php?rest_route=%2Fwp%2Fv2%2Ftags&post=3171"}],"curies":[{"name":"wp","href":"https:\/\/api.w.org\/{rel}","templated":true}]}}