{"id":3185,"date":"2023-06-23T09:55:11","date_gmt":"2023-06-23T09:55:11","guid":{"rendered":"https:\/\/przedszkole12nowasol.pl\/?p=3185"},"modified":"2023-06-23T09:55:11","modified_gmt":"2023-06-23T09:55:11","slug":"dzien-dziecka-3","status":"publish","type":"post","link":"https:\/\/przedszkole12nowasol.pl\/?p=3185","title":{"rendered":"Dzie\u0144 dziecka"},"content":{"rendered":"<p><img fetchpriority=\"high\" decoding=\"async\" class=\"alignnone size-full wp-image-3186\" src=\"https:\/\/przedszkole12nowasol.pl\/wp-content\/uploads\/2023\/06\/349102375_114448855001747_6408987448763259363_n.jpg\" alt=\"\" width=\"1600\" height=\"1201\" srcset=\"https:\/\/przedszkole12nowasol.pl\/wp-content\/uploads\/2023\/06\/349102375_114448855001747_6408987448763259363_n.jpg 1600w, https:\/\/przedszkole12nowasol.pl\/wp-content\/uploads\/2023\/06\/349102375_114448855001747_6408987448763259363_n-300x225.jpg 300w, https:\/\/przedszkole12nowasol.pl\/wp-content\/uploads\/2023\/06\/349102375_114448855001747_6408987448763259363_n-1024x769.jpg 1024w, https:\/\/przedszkole12nowasol.pl\/wp-content\/uploads\/2023\/06\/349102375_114448855001747_6408987448763259363_n-768x576.jpg 768w, https:\/\/przedszkole12nowasol.pl\/wp-content\/uploads\/2023\/06\/349102375_114448855001747_6408987448763259363_n-1536x1153.jpg 1536w, https:\/\/przedszkole12nowasol.pl\/wp-content\/uploads\/2023\/06\/349102375_114448855001747_6408987448763259363_n-400x300.jpg 400w\" sizes=\"(max-width: 1600px) 100vw, 1600px\" \/><\/p>\n<p style=\"text-align: center;\"><strong><span style=\"font-size: 14pt;\"><span style=\"color: #000000;\">Dzie\u0144 dziecka to wyj\u0105tkowe \u015bwi\u0119to w ci\u0105gu roku, kt\u00f3re uwielbiaj\u0105 wszystkie dzieci<span class=\"x3nfvp2 x1j61x8r x1fcty0u xdj266r xhhsvwb xat24cr xgzva0m xxymvpz xlup9mm x1kky2od\"><img decoding=\"async\" src=\"https:\/\/static.xx.fbcdn.net\/images\/emoji.php\/v9\/tea\/1\/16\/1f970.png\" alt=\"&#x1f970;\" width=\"16\" height=\"16\" \/><\/span> To dzie\u0144 pe\u0142en u\u015bmiechu, zabawy oraz niespodzianek. I w\u0142a\u015bnie tych pozytywnych wra\u017ce\u0144 by\u0142o mn\u00f3stwo w naszym przedszkolu. By\u0142y ta\u0144ce i fantastyczne zabawy z animatork\u0105 w ogrodzie przedszkolnym. A na deser pyszne lody<span class=\"x3nfvp2 x1j61x8r x1fcty0u xdj266r xhhsvwb xat24cr xgzva0m xxymvpz xlup9mm x1kky2od\"><img decoding=\"async\" src=\"https:\/\/static.xx.fbcdn.net\/images\/emoji.php\/v9\/tcd\/1\/16\/1f368.png\" alt=\"&#x1f368;\" width=\"16\" height=\"16\" \/><\/span><span class=\"x3nfvp2 x1j61x8r x1fcty0u xdj266r xhhsvwb xat24cr xgzva0m xxymvpz xlup9mm x1kky2od\"><img loading=\"lazy\" decoding=\"async\" src=\"https:\/\/static.xx.fbcdn.net\/images\/emoji.php\/v9\/tcb\/1\/16\/1f366.png\" alt=\"&#x1f366;\" width=\"16\" height=\"16\" \/><\/span> \u017byczymy wszystkim dzieciom tyle rado\u015bci, ka\u017cdego dnia jak\u0105 mia\u0142y w Dniu Dziecka !<\/span><span class=\"x3nfvp2 x1j61x8r x1fcty0u xdj266r xhhsvwb xat24cr xgzva0m xxymvpz xlup9mm x1kky2od\"><br \/>\n<\/span><\/span><\/strong><\/p>\n<p><span style=\"font-size: 14pt; color: #cc99ff;\"><strong>Zapraszamy do obejrzenia galerii zdj\u0119\u0107 w linku poni\u017cej:<\/strong><\/span><\/p>\n<p><a href=\"https:\/\/photos.app.goo.gl\/gQCUg6eUkrcC6QAm8\">https:\/\/photos.app.goo.gl\/gQCUg6eUkrcC6QAm8<\/a><\/p>\n","protected":false},"excerpt":{"rendered":"<p>Dzie\u0144 dziecka to wyj\u0105tkowe \u015bwi\u0119to w ci\u0105gu roku, kt\u00f3re uwielbiaj\u0105 wszystkie dzieci To dzie\u0144 pe\u0142en u\u015bmiechu, zabawy oraz niespodzianek. I w\u0142a\u015bnie tych pozytywnych wra\u017ce\u0144 by\u0142o mn\u00f3stwo w naszym przedszkolu. By\u0142y ta\u0144ce i fantastyczne zabawy z animatork\u0105 w ogrodzie przedszkolnym. A na deser pyszne lody \u017byczymy wszystkim dzieciom tyle rado\u015bci, ka\u017cdego &hellip;<\/p>\n","protected":false},"author":1,"featured_media":0,"comment_status":"closed","ping_status":"open","sticky":false,"template":"","format":"standard","meta":{"footnotes":""},"categories":[17],"tags":[],"class_list":["post-3185","post","type-post","status-publish","format-standard","hentry","category-aktualnosci"],"_links":{"self":[{"href":"https:\/\/przedszkole12nowasol.pl\/index.php?rest_route=\/wp\/v2\/posts\/3185","targetHints":{"allow":["GET"]}}],"collection":[{"href":"https:\/\/przedszkole12nowasol.pl\/index.php?rest_route=\/wp\/v2\/posts"}],"about":[{"href":"https:\/\/przedszkole12nowasol.pl\/index.php?rest_route=\/wp\/v2\/types\/post"}],"author":[{"embeddable":true,"href":"https:\/\/przedszkole12nowasol.pl\/index.php?rest_route=\/wp\/v2\/users\/1"}],"replies":[{"embeddable":true,"href":"https:\/\/przedszkole12nowasol.pl\/index.php?rest_route=%2Fwp%2Fv2%2Fcomments&post=3185"}],"version-history":[{"count":1,"href":"https:\/\/przedszkole12nowasol.pl\/index.php?rest_route=\/wp\/v2\/posts\/3185\/revisions"}],"predecessor-version":[{"id":3187,"href":"https:\/\/przedszkole12nowasol.pl\/index.php?rest_route=\/wp\/v2\/posts\/3185\/revisions\/3187"}],"wp:attachment":[{"href":"https:\/\/przedszkole12nowasol.pl\/index.php?rest_route=%2Fwp%2Fv2%2Fmedia&parent=3185"}],"wp:term":[{"taxonomy":"category","embeddable":true,"href":"https:\/\/przedszkole12nowasol.pl\/index.php?rest_route=%2Fwp%2Fv2%2Fcategories&post=3185"},{"taxonomy":"post_tag","embeddable":true,"href":"https:\/\/przedszkole12nowasol.pl\/index.php?rest_route=%2Fwp%2Fv2%2Ftags&post=3185"}],"curies":[{"name":"wp","href":"https:\/\/api.w.org\/{rel}","templated":true}]}}