{"id":3561,"date":"2025-02-04T09:30:43","date_gmt":"2025-02-04T09:30:43","guid":{"rendered":"https:\/\/przedszkole12nowasol.pl\/?p=3561"},"modified":"2025-02-04T09:32:13","modified_gmt":"2025-02-04T09:32:13","slug":"bal-karnawalowy-6","status":"publish","type":"post","link":"https:\/\/przedszkole12nowasol.pl\/?p=3561","title":{"rendered":"Bal karnawa\u0142owy"},"content":{"rendered":"\t\t<div data-elementor-type=\"wp-post\" data-elementor-id=\"3561\" class=\"elementor elementor-3561\">\n\t\t\t\t\t\t\t<div class=\"elementor-element elementor-element-273a78ed e-flex e-con-boxed e-con e-parent\" data-id=\"273a78ed\" data-element_type=\"container\" data-settings=\"{&quot;content_width&quot;:&quot;boxed&quot;}\" data-core-v316-plus=\"true\">\n\t\t\t\t\t<div class=\"e-con-inner\">\n\t\t\t\t<div class=\"elementor-element elementor-element-5320c934 elementor-widget elementor-widget-text-editor\" data-id=\"5320c934\" data-element_type=\"widget\" data-widget_type=\"text-editor.default\">\n\t\t\t\t<div class=\"elementor-widget-container\">\n\t\t\t<style>\/*! elementor - v3.18.0 - 20-12-2023 *\/\n.elementor-widget-text-editor.elementor-drop-cap-view-stacked .elementor-drop-cap{background-color:#69727d;color:#fff}.elementor-widget-text-editor.elementor-drop-cap-view-framed .elementor-drop-cap{color:#69727d;border:3px solid;background-color:transparent}.elementor-widget-text-editor:not(.elementor-drop-cap-view-default) .elementor-drop-cap{margin-top:8px}.elementor-widget-text-editor:not(.elementor-drop-cap-view-default) .elementor-drop-cap-letter{width:1em;height:1em}.elementor-widget-text-editor .elementor-drop-cap{float:left;text-align:center;line-height:1;font-size:50px}.elementor-widget-text-editor .elementor-drop-cap-letter{display:inline-block}<\/style>\t\t\t\t<p><img fetchpriority=\"high\" decoding=\"async\" class=\"alignnone size-full wp-image-3562\" src=\"https:\/\/przedszkole12nowasol.pl\/wp-content\/uploads\/2025\/02\/474064782_583286367906957_4534494120705755863_n.jpg\" alt=\"\" width=\"1736\" height=\"1736\" srcset=\"https:\/\/przedszkole12nowasol.pl\/wp-content\/uploads\/2025\/02\/474064782_583286367906957_4534494120705755863_n.jpg 1736w, https:\/\/przedszkole12nowasol.pl\/wp-content\/uploads\/2025\/02\/474064782_583286367906957_4534494120705755863_n-300x300.jpg 300w, https:\/\/przedszkole12nowasol.pl\/wp-content\/uploads\/2025\/02\/474064782_583286367906957_4534494120705755863_n-1024x1024.jpg 1024w, https:\/\/przedszkole12nowasol.pl\/wp-content\/uploads\/2025\/02\/474064782_583286367906957_4534494120705755863_n-150x150.jpg 150w, https:\/\/przedszkole12nowasol.pl\/wp-content\/uploads\/2025\/02\/474064782_583286367906957_4534494120705755863_n-768x768.jpg 768w, https:\/\/przedszkole12nowasol.pl\/wp-content\/uploads\/2025\/02\/474064782_583286367906957_4534494120705755863_n-1536x1536.jpg 1536w\" sizes=\"(max-width: 1736px) 100vw, 1736px\" \/><\/p>\n<p style=\"text-align: center;\"><span style=\"font-size: 14pt; color: #000000;\">Karnawa\u0142 to czas zabaw i bal\u00f3w, tak\u017ce dla najm\u0142odszych. Kolorowe stroje, balonowy wystr\u00f3j i skoczna muzyka\u2013 w takiej atmosferze bawi\u0142y si\u0119 dzieci 14 stycznia podczas balu karnawa\u0142owego. Przedszkolaki z dum\u0105 prezentowa\u0142y bajeczne stroje &#8211; nie zabrak\u0142o wr\u00f3\u017cek, ksi\u0119\u017cniczek, super bohater\u00f3w czy policjant\u00f3w i wielu innych postaci .Wszyscy z wielk\u0105 ochot\u0105 uczestniczy\u0142y w ta\u0144cach i zabawach prowadzonych przez cudownych wodzirej\u00f3w.<\/span><\/p>\n<p>&nbsp;<\/p>\n<p><span style=\"font-size: 14pt; color: #ff00ff;\"><strong>Zapraszamy do obejrzenia galerii zdj\u0119\u0107 oraz film\u00f3w w linkach poni\u017cej :<\/strong><\/span><\/p>\n<p><a href=\"https:\/\/photos.app.goo.gl\/wLwV32dEbHczqkxv8\">Zdj\u0119cia<\/a>&nbsp;,<\/p>\n<p><a href=\"https:\/\/fb.watch\/xxB6PJhXJk\/\">Filmik 1<\/a>&nbsp;,<\/p>\n<p><a href=\"https:\/\/fb.watch\/xxBFnq4Wf9\/\">Filmik 2<\/a>&nbsp;,<\/p>\n<p><a href=\"https:\/\/fb.watch\/xxBGqrYOOm\/\">Filmik 3<\/a>&nbsp;,<\/p>\n<p><a href=\"https:\/\/fb.watch\/xxBI4zZJO0\/\">Filmik 4<\/a>&nbsp;,<\/p>\n<p><a href=\"https:\/\/fb.watch\/xxBJsWwWPj\/\">Filmik 5<\/a>&nbsp;,<\/p>\n<p><a href=\"https:\/\/fb.watch\/xxBKuYCzb6\/\">Filmik 6<\/a>&nbsp;,<\/p>\n<p><a href=\"https:\/\/fb.watch\/xxBLwCTFlO\/\">Filmik 7<\/a>&nbsp;,<\/p>\n<p><a href=\"https:\/\/fb.watch\/xxBNFbZGfR\/\">Filmik 8<\/a>.<\/p>\n<p>&nbsp;<\/p>\t\t\t\t\t\t<\/div>\n\t\t\t\t<\/div>\n\t\t\t\t\t<\/div>\n\t\t\t\t<\/div>\n\t\t\t\t\t\t\t<\/div>\n\t\t","protected":false},"excerpt":{"rendered":"<p>Karnawa\u0142 to czas zabaw i bal\u00f3w, tak\u017ce dla najm\u0142odszych. Kolorowe stroje, balonowy wystr\u00f3j i skoczna muzyka\u2013 w takiej atmosferze bawi\u0142y si\u0119 dzieci 14 stycznia podczas balu karnawa\u0142owego. Przedszkolaki z dum\u0105 prezentowa\u0142y bajeczne stroje &#8211; nie zabrak\u0142o wr\u00f3\u017cek, ksi\u0119\u017cniczek, super bohater\u00f3w czy policjant\u00f3w i wielu innych postaci .Wszyscy z wielk\u0105 ochot\u0105 &hellip;<\/p>\n","protected":false},"author":1,"featured_media":0,"comment_status":"closed","ping_status":"open","sticky":false,"template":"","format":"standard","meta":{"footnotes":""},"categories":[17],"tags":[],"class_list":["post-3561","post","type-post","status-publish","format-standard","hentry","category-aktualnosci"],"_links":{"self":[{"href":"https:\/\/przedszkole12nowasol.pl\/index.php?rest_route=\/wp\/v2\/posts\/3561","targetHints":{"allow":["GET"]}}],"collection":[{"href":"https:\/\/przedszkole12nowasol.pl\/index.php?rest_route=\/wp\/v2\/posts"}],"about":[{"href":"https:\/\/przedszkole12nowasol.pl\/index.php?rest_route=\/wp\/v2\/types\/post"}],"author":[{"embeddable":true,"href":"https:\/\/przedszkole12nowasol.pl\/index.php?rest_route=\/wp\/v2\/users\/1"}],"replies":[{"embeddable":true,"href":"https:\/\/przedszkole12nowasol.pl\/index.php?rest_route=%2Fwp%2Fv2%2Fcomments&post=3561"}],"version-history":[{"count":6,"href":"https:\/\/przedszkole12nowasol.pl\/index.php?rest_route=\/wp\/v2\/posts\/3561\/revisions"}],"predecessor-version":[{"id":3568,"href":"https:\/\/przedszkole12nowasol.pl\/index.php?rest_route=\/wp\/v2\/posts\/3561\/revisions\/3568"}],"wp:attachment":[{"href":"https:\/\/przedszkole12nowasol.pl\/index.php?rest_route=%2Fwp%2Fv2%2Fmedia&parent=3561"}],"wp:term":[{"taxonomy":"category","embeddable":true,"href":"https:\/\/przedszkole12nowasol.pl\/index.php?rest_route=%2Fwp%2Fv2%2Fcategories&post=3561"},{"taxonomy":"post_tag","embeddable":true,"href":"https:\/\/przedszkole12nowasol.pl\/index.php?rest_route=%2Fwp%2Fv2%2Ftags&post=3561"}],"curies":[{"name":"wp","href":"https:\/\/api.w.org\/{rel}","templated":true}]}}