{"id":3571,"date":"2025-02-04T09:50:30","date_gmt":"2025-02-04T09:50:30","guid":{"rendered":"https:\/\/przedszkole12nowasol.pl\/?p=3571"},"modified":"2025-02-04T09:51:03","modified_gmt":"2025-02-04T09:51:03","slug":"dzien-babci-i-dziadka-7","status":"publish","type":"post","link":"https:\/\/przedszkole12nowasol.pl\/?p=3571","title":{"rendered":"Dzie\u0144 Babci i Dziadka"},"content":{"rendered":"\t\t<div data-elementor-type=\"wp-post\" data-elementor-id=\"3571\" class=\"elementor elementor-3571\">\n\t\t\t\t\t\t\t<div class=\"elementor-element elementor-element-3c5d82ce e-flex e-con-boxed e-con e-parent\" data-id=\"3c5d82ce\" data-element_type=\"container\" data-settings=\"{&quot;content_width&quot;:&quot;boxed&quot;}\" data-core-v316-plus=\"true\">\n\t\t\t\t\t<div class=\"e-con-inner\">\n\t\t\t\t<div class=\"elementor-element elementor-element-62dc63be elementor-widget elementor-widget-text-editor\" data-id=\"62dc63be\" data-element_type=\"widget\" data-widget_type=\"text-editor.default\">\n\t\t\t\t<div class=\"elementor-widget-container\">\n\t\t\t<style>\/*! elementor - v3.18.0 - 20-12-2023 *\/\n.elementor-widget-text-editor.elementor-drop-cap-view-stacked .elementor-drop-cap{background-color:#69727d;color:#fff}.elementor-widget-text-editor.elementor-drop-cap-view-framed .elementor-drop-cap{color:#69727d;border:3px solid;background-color:transparent}.elementor-widget-text-editor:not(.elementor-drop-cap-view-default) .elementor-drop-cap{margin-top:8px}.elementor-widget-text-editor:not(.elementor-drop-cap-view-default) .elementor-drop-cap-letter{width:1em;height:1em}.elementor-widget-text-editor .elementor-drop-cap{float:left;text-align:center;line-height:1;font-size:50px}.elementor-widget-text-editor .elementor-drop-cap-letter{display:inline-block}<\/style>\t\t\t\t<p><img fetchpriority=\"high\" decoding=\"async\" class=\"alignnone size-full wp-image-3572\" src=\"https:\/\/przedszkole12nowasol.pl\/wp-content\/uploads\/2025\/02\/475335657_590950870473840_7405571226178010915_n.jpg\" alt=\"\" width=\"1600\" height=\"1201\" srcset=\"https:\/\/przedszkole12nowasol.pl\/wp-content\/uploads\/2025\/02\/475335657_590950870473840_7405571226178010915_n.jpg 1600w, https:\/\/przedszkole12nowasol.pl\/wp-content\/uploads\/2025\/02\/475335657_590950870473840_7405571226178010915_n-300x225.jpg 300w, https:\/\/przedszkole12nowasol.pl\/wp-content\/uploads\/2025\/02\/475335657_590950870473840_7405571226178010915_n-1024x769.jpg 1024w, https:\/\/przedszkole12nowasol.pl\/wp-content\/uploads\/2025\/02\/475335657_590950870473840_7405571226178010915_n-768x576.jpg 768w, https:\/\/przedszkole12nowasol.pl\/wp-content\/uploads\/2025\/02\/475335657_590950870473840_7405571226178010915_n-1536x1153.jpg 1536w, https:\/\/przedszkole12nowasol.pl\/wp-content\/uploads\/2025\/02\/475335657_590950870473840_7405571226178010915_n-400x300.jpg 400w\" sizes=\"(max-width: 1600px) 100vw, 1600px\" \/><\/p>\n<p style=\"text-align: center;\"><strong><span style=\"font-size: 14pt; color: #000000;\"><em>Kochana Babciu &#8211; Kochany Dziadku !<\/em><\/span><\/strong><\/p>\n<p style=\"text-align: center;\"><span style=\"font-size: 14pt; color: #000000;\"><em>W poniedzia\u0142ki &#8211; pomy\u015blno\u015bci<\/em><\/span><br>\n<span style=\"font-size: 14pt; color: #000000;\"><em>a we wtorki &#8211; mn\u00f3stwo rado\u015bci,<\/em><\/span><br>\n<span style=\"font-size: 14pt; color: #000000;\"><em>w \u015brody i czwartki &#8211; precz zmartwienia!<\/em><\/span><br>\n<span style=\"font-size: 14pt; color: #000000;\"><em>Niech i w pi\u0105tki \u017cadnych strapie\u0144 nie ma.<\/em><\/span><br>\n<span style=\"font-size: 14pt; color: #000000;\"><em>Na sobot\u0119 i niedziel\u0119 \u017cyczymy odpoczynku wiele!<\/em><\/span><br>\n<span style=\"font-size: 14pt; color: #000000;\"><em>To nie koniec \u017cycze\u0144 jeszcze,<\/em><\/span><br>\n<span style=\"font-size: 14pt; color: #000000;\"><em>emerytury \u017cycz\u0119 znacznie wi\u0119kszej!<\/em><\/span><br>\n<span style=\"font-size: 14pt; color: #000000;\"><em>Niech Wam \u017cycie p\u0142ynie mi\u0142o,<\/em><\/span><br>\n<span style=\"font-size: 14pt; color: #000000;\"><em>\u017ceby Wam te\u017c trosk uby\u0142o!<\/em><\/span><\/p>\n<p>&nbsp;<\/p>\n<p><span style=\"font-size: 14pt; color: #ff0000;\"><strong>Zapraszamy do obejrzenia galerii zdj\u0119\u0107 oraz film\u00f3w w linkach poni\u017cej :<\/strong><\/span><\/p>\n<p><a href=\"https:\/\/photos.app.goo.gl\/U6AhbmXnx3J5FDoz7\">Zdj\u0119cia<\/a>&nbsp;,<\/p>\n<p><a href=\"https:\/\/fb.watch\/xxCOdpD5dE\/\">Filmik 1<\/a>&nbsp;,<\/p>\n<p><a href=\"https:\/\/fb.watch\/xxCVYV_ced\/\">Filmik 2<\/a>&nbsp;,<\/p>\n<p><a href=\"https:\/\/fb.watch\/xxD1pezSYR\/\">Filmik 3<\/a>&nbsp;,<\/p>\n<p><a href=\"https:\/\/fb.watch\/xxD3IzavWX\/\">Filmik 4<\/a>.<\/p>\n<p>&nbsp;<\/p>\t\t\t\t\t\t<\/div>\n\t\t\t\t<\/div>\n\t\t\t\t\t<\/div>\n\t\t\t\t<\/div>\n\t\t\t\t\t\t\t<\/div>\n\t\t","protected":false},"excerpt":{"rendered":"<p>Kochana Babciu &#8211; Kochany Dziadku ! W poniedzia\u0142ki &#8211; pomy\u015blno\u015bci a we wtorki &#8211; mn\u00f3stwo rado\u015bci, w \u015brody i czwartki &#8211; precz zmartwienia! Niech i w pi\u0105tki \u017cadnych strapie\u0144 nie ma. Na sobot\u0119 i niedziel\u0119 \u017cyczymy odpoczynku wiele! To nie koniec \u017cycze\u0144 jeszcze, emerytury \u017cycz\u0119 znacznie wi\u0119kszej! Niech Wam \u017cycie &hellip;<\/p>\n","protected":false},"author":1,"featured_media":0,"comment_status":"closed","ping_status":"open","sticky":false,"template":"","format":"standard","meta":{"footnotes":""},"categories":[17],"tags":[],"class_list":["post-3571","post","type-post","status-publish","format-standard","hentry","category-aktualnosci"],"_links":{"self":[{"href":"https:\/\/przedszkole12nowasol.pl\/index.php?rest_route=\/wp\/v2\/posts\/3571","targetHints":{"allow":["GET"]}}],"collection":[{"href":"https:\/\/przedszkole12nowasol.pl\/index.php?rest_route=\/wp\/v2\/posts"}],"about":[{"href":"https:\/\/przedszkole12nowasol.pl\/index.php?rest_route=\/wp\/v2\/types\/post"}],"author":[{"embeddable":true,"href":"https:\/\/przedszkole12nowasol.pl\/index.php?rest_route=\/wp\/v2\/users\/1"}],"replies":[{"embeddable":true,"href":"https:\/\/przedszkole12nowasol.pl\/index.php?rest_route=%2Fwp%2Fv2%2Fcomments&post=3571"}],"version-history":[{"count":3,"href":"https:\/\/przedszkole12nowasol.pl\/index.php?rest_route=\/wp\/v2\/posts\/3571\/revisions"}],"predecessor-version":[{"id":3575,"href":"https:\/\/przedszkole12nowasol.pl\/index.php?rest_route=\/wp\/v2\/posts\/3571\/revisions\/3575"}],"wp:attachment":[{"href":"https:\/\/przedszkole12nowasol.pl\/index.php?rest_route=%2Fwp%2Fv2%2Fmedia&parent=3571"}],"wp:term":[{"taxonomy":"category","embeddable":true,"href":"https:\/\/przedszkole12nowasol.pl\/index.php?rest_route=%2Fwp%2Fv2%2Fcategories&post=3571"},{"taxonomy":"post_tag","embeddable":true,"href":"https:\/\/przedszkole12nowasol.pl\/index.php?rest_route=%2Fwp%2Fv2%2Ftags&post=3571"}],"curies":[{"name":"wp","href":"https:\/\/api.w.org\/{rel}","templated":true}]}}