{"id":3577,"date":"2025-02-13T09:25:15","date_gmt":"2025-02-13T09:25:15","guid":{"rendered":"https:\/\/przedszkole12nowasol.pl\/?p=3577"},"modified":"2025-02-13T09:26:04","modified_gmt":"2025-02-13T09:26:04","slug":"deklaracja-kontynuacji-pobytu-dziecka-w-przedszkolu","status":"publish","type":"post","link":"https:\/\/przedszkole12nowasol.pl\/?p=3577","title":{"rendered":"Deklaracja kontynuacji pobytu dziecka w przedszkolu"},"content":{"rendered":"<p><img fetchpriority=\"high\" decoding=\"async\" class=\"alignnone size-full wp-image-3578\" src=\"https:\/\/przedszkole12nowasol.pl\/wp-content\/uploads\/2025\/02\/Happy-Holidays-2.png\" alt=\"\" width=\"820\" height=\"312\" srcset=\"https:\/\/przedszkole12nowasol.pl\/wp-content\/uploads\/2025\/02\/Happy-Holidays-2.png 820w, https:\/\/przedszkole12nowasol.pl\/wp-content\/uploads\/2025\/02\/Happy-Holidays-2-300x114.png 300w, https:\/\/przedszkole12nowasol.pl\/wp-content\/uploads\/2025\/02\/Happy-Holidays-2-768x292.png 768w, https:\/\/przedszkole12nowasol.pl\/wp-content\/uploads\/2025\/02\/Happy-Holidays-2-788x300.png 788w\" sizes=\"(max-width: 820px) 100vw, 820px\" \/><\/p>\n<p style=\"text-align: center;\"><span style=\"font-size: 18pt;\"><strong><span style=\"color: #000000;\">Szanowni Rodzice<\/span><\/strong><\/span><\/p>\n<p style=\"text-align: center;\"><span style=\"font-size: 14pt; color: #000000;\">Od \u015brody <strong>12.02.2025 r.<\/strong> rozpoczynamy sk\u0142adanie deklaracji kontynuacji pobytu dziecka w plac\u00f3wce .<\/span><\/p>\n<p style=\"text-align: center;\"><span style=\"font-size: 14pt; color: #000000;\">Aby j\u0105 wype\u0142ni\u0107 prosimy skorzysta\u0107 z poni\u017cszego linku<\/span><\/p>\n<p style=\"text-align: center;\"><span style=\"font-size: 36pt; color: #ff0000;\"><a style=\"color: #ff0000;\" href=\"https:\/\/www.nabor.pcss.pl\/nowasol\/przedszkole\/podanie\">Deklaracja<\/a><\/span><\/p>\n<p style=\"text-align: center;\"><span style=\"font-size: 14pt; color: #000000;\">Termin sk\u0142adania up\u0142ywa <strong>24.02.2025 r.<\/strong> Wype\u0142nione deklaracje nale\u017cy wydrukowa\u0107<br \/>\ni z\u0142o\u017cy\u0107 u wychowawc\u00f3w poszczeg\u00f3lnych grup.<\/span><\/p>\n<p style=\"text-align: center;\">\n","protected":false},"excerpt":{"rendered":"<p>Szanowni Rodzice Od \u015brody 12.02.2025 r. rozpoczynamy sk\u0142adanie deklaracji kontynuacji pobytu dziecka w plac\u00f3wce . Aby j\u0105 wype\u0142ni\u0107 prosimy skorzysta\u0107 z poni\u017cszego linku Deklaracja Termin sk\u0142adania up\u0142ywa 24.02.2025 r. Wype\u0142nione deklaracje nale\u017cy wydrukowa\u0107 i z\u0142o\u017cy\u0107 u wychowawc\u00f3w poszczeg\u00f3lnych grup.<\/p>\n","protected":false},"author":1,"featured_media":0,"comment_status":"closed","ping_status":"open","sticky":false,"template":"","format":"standard","meta":{"footnotes":""},"categories":[17],"tags":[],"class_list":["post-3577","post","type-post","status-publish","format-standard","hentry","category-aktualnosci"],"_links":{"self":[{"href":"https:\/\/przedszkole12nowasol.pl\/index.php?rest_route=\/wp\/v2\/posts\/3577","targetHints":{"allow":["GET"]}}],"collection":[{"href":"https:\/\/przedszkole12nowasol.pl\/index.php?rest_route=\/wp\/v2\/posts"}],"about":[{"href":"https:\/\/przedszkole12nowasol.pl\/index.php?rest_route=\/wp\/v2\/types\/post"}],"author":[{"embeddable":true,"href":"https:\/\/przedszkole12nowasol.pl\/index.php?rest_route=\/wp\/v2\/users\/1"}],"replies":[{"embeddable":true,"href":"https:\/\/przedszkole12nowasol.pl\/index.php?rest_route=%2Fwp%2Fv2%2Fcomments&post=3577"}],"version-history":[{"count":2,"href":"https:\/\/przedszkole12nowasol.pl\/index.php?rest_route=\/wp\/v2\/posts\/3577\/revisions"}],"predecessor-version":[{"id":3580,"href":"https:\/\/przedszkole12nowasol.pl\/index.php?rest_route=\/wp\/v2\/posts\/3577\/revisions\/3580"}],"wp:attachment":[{"href":"https:\/\/przedszkole12nowasol.pl\/index.php?rest_route=%2Fwp%2Fv2%2Fmedia&parent=3577"}],"wp:term":[{"taxonomy":"category","embeddable":true,"href":"https:\/\/przedszkole12nowasol.pl\/index.php?rest_route=%2Fwp%2Fv2%2Fcategories&post=3577"},{"taxonomy":"post_tag","embeddable":true,"href":"https:\/\/przedszkole12nowasol.pl\/index.php?rest_route=%2Fwp%2Fv2%2Ftags&post=3577"}],"curies":[{"name":"wp","href":"https:\/\/api.w.org\/{rel}","templated":true}]}}