{"id":3583,"date":"2025-02-27T09:08:32","date_gmt":"2025-02-27T09:08:32","guid":{"rendered":"https:\/\/przedszkole12nowasol.pl\/?p=3583"},"modified":"2025-02-27T09:08:50","modified_gmt":"2025-02-27T09:08:50","slug":"dzien-pizzy","status":"publish","type":"post","link":"https:\/\/przedszkole12nowasol.pl\/?p=3583","title":{"rendered":"Dzie\u0144 pizzy"},"content":{"rendered":"<p><img fetchpriority=\"high\" decoding=\"async\" class=\"alignnone size-full wp-image-3584\" src=\"https:\/\/przedszkole12nowasol.pl\/wp-content\/uploads\/2025\/02\/476849471_599324872969773_7629190708532645494_n.jpg\" alt=\"\" width=\"2040\" height=\"1536\" srcset=\"https:\/\/przedszkole12nowasol.pl\/wp-content\/uploads\/2025\/02\/476849471_599324872969773_7629190708532645494_n.jpg 2040w, https:\/\/przedszkole12nowasol.pl\/wp-content\/uploads\/2025\/02\/476849471_599324872969773_7629190708532645494_n-300x226.jpg 300w, https:\/\/przedszkole12nowasol.pl\/wp-content\/uploads\/2025\/02\/476849471_599324872969773_7629190708532645494_n-1024x771.jpg 1024w, https:\/\/przedszkole12nowasol.pl\/wp-content\/uploads\/2025\/02\/476849471_599324872969773_7629190708532645494_n-768x578.jpg 768w, https:\/\/przedszkole12nowasol.pl\/wp-content\/uploads\/2025\/02\/476849471_599324872969773_7629190708532645494_n-1536x1157.jpg 1536w, https:\/\/przedszkole12nowasol.pl\/wp-content\/uploads\/2025\/02\/476849471_599324872969773_7629190708532645494_n-398x300.jpg 398w\" sizes=\"(max-width: 2040px) 100vw, 2040px\" \/><\/p>\n<p style=\"text-align: center;\"><strong><span style=\"font-size: 14pt;\"><span style=\"color: #000000;\">W przedszkolu \u015bwi\u0119towali\u015bmy Mi\u0119dzynarodowy Dzie\u0144 Pizzy!!<\/span><\/span><\/strong><\/p>\n<p style=\"text-align: center;\"><strong><span style=\"font-size: 14pt;\"><span style=\"color: #000000;\"> Dzieci nie tylko mia\u0142y okazj\u0119 stworzy\u0107 swoje w\u0142asne,<\/span><\/span><\/strong><\/p>\n<p style=\"text-align: center;\"><strong><span style=\"font-size: 14pt;\"><span style=\"color: #000000;\"> kolorowe pizze podczas zaj\u0119\u0107 plastycznych, ale tak\u017ce zajada\u0142y si\u0119<\/span><\/span><\/strong><strong><span style=\"font-size: 14pt;\"><span style=\"color: #000000;\"> prawdziwymi pizzami<\/span><\/span><\/strong><\/p>\n<p style=\"text-align: center;\"><strong><span style=\"font-size: 14pt;\"><span style=\"color: #000000;\"> na obiad przygotowanymi przez nasze kochane panie kucharki!<\/span><span class=\"html-span xexx8yu x4uap5 x18d9i69 xkhd6sd x1hl2dhg x16tdsg8 x1vvkbs x3nfvp2 x1j61x8r x1fcty0u xdj266r xat24cr xgzva0m xhhsvwb xxymvpz xlup9mm x1kky2od\"><br \/>\n<\/span><\/span><\/strong><\/p>\n<p>&nbsp;<\/p>\n<p><span style=\"color: #ff6600; font-size: 14pt;\"><strong>Zapraszamy do obejrzenia galerii zdj\u0119\u0107 w linkach poni\u017cej :<\/strong><\/span><\/p>\n<p><a href=\"https:\/\/photos.app.goo.gl\/eQF6qSDLbDfcgA8L6\">https:\/\/photos.app.goo.gl\/eQF6qSDLbDfcgA8L6<\/a><\/p>\n","protected":false},"excerpt":{"rendered":"<p>W przedszkolu \u015bwi\u0119towali\u015bmy Mi\u0119dzynarodowy Dzie\u0144 Pizzy!! Dzieci nie tylko mia\u0142y okazj\u0119 stworzy\u0107 swoje w\u0142asne, kolorowe pizze podczas zaj\u0119\u0107 plastycznych, ale tak\u017ce zajada\u0142y si\u0119 prawdziwymi pizzami na obiad przygotowanymi przez nasze kochane panie kucharki! &nbsp; Zapraszamy do obejrzenia galerii zdj\u0119\u0107 w linkach poni\u017cej : https:\/\/photos.app.goo.gl\/eQF6qSDLbDfcgA8L6<\/p>\n","protected":false},"author":1,"featured_media":0,"comment_status":"closed","ping_status":"open","sticky":false,"template":"","format":"standard","meta":{"footnotes":""},"categories":[17],"tags":[],"class_list":["post-3583","post","type-post","status-publish","format-standard","hentry","category-aktualnosci"],"_links":{"self":[{"href":"https:\/\/przedszkole12nowasol.pl\/index.php?rest_route=\/wp\/v2\/posts\/3583","targetHints":{"allow":["GET"]}}],"collection":[{"href":"https:\/\/przedszkole12nowasol.pl\/index.php?rest_route=\/wp\/v2\/posts"}],"about":[{"href":"https:\/\/przedszkole12nowasol.pl\/index.php?rest_route=\/wp\/v2\/types\/post"}],"author":[{"embeddable":true,"href":"https:\/\/przedszkole12nowasol.pl\/index.php?rest_route=\/wp\/v2\/users\/1"}],"replies":[{"embeddable":true,"href":"https:\/\/przedszkole12nowasol.pl\/index.php?rest_route=%2Fwp%2Fv2%2Fcomments&post=3583"}],"version-history":[{"count":2,"href":"https:\/\/przedszkole12nowasol.pl\/index.php?rest_route=\/wp\/v2\/posts\/3583\/revisions"}],"predecessor-version":[{"id":3586,"href":"https:\/\/przedszkole12nowasol.pl\/index.php?rest_route=\/wp\/v2\/posts\/3583\/revisions\/3586"}],"wp:attachment":[{"href":"https:\/\/przedszkole12nowasol.pl\/index.php?rest_route=%2Fwp%2Fv2%2Fmedia&parent=3583"}],"wp:term":[{"taxonomy":"category","embeddable":true,"href":"https:\/\/przedszkole12nowasol.pl\/index.php?rest_route=%2Fwp%2Fv2%2Fcategories&post=3583"},{"taxonomy":"post_tag","embeddable":true,"href":"https:\/\/przedszkole12nowasol.pl\/index.php?rest_route=%2Fwp%2Fv2%2Ftags&post=3583"}],"curies":[{"name":"wp","href":"https:\/\/api.w.org\/{rel}","templated":true}]}}