{"id":3587,"date":"2025-02-27T09:34:29","date_gmt":"2025-02-27T09:34:29","guid":{"rendered":"https:\/\/przedszkole12nowasol.pl\/?p=3587"},"modified":"2025-02-27T09:35:43","modified_gmt":"2025-02-27T09:35:43","slug":"nadanie-imienia-jana-brzechwy","status":"publish","type":"post","link":"https:\/\/przedszkole12nowasol.pl\/?p=3587","title":{"rendered":"Nadanie imienia Jana Brzechwy"},"content":{"rendered":"\t\t<div data-elementor-type=\"wp-post\" data-elementor-id=\"3587\" class=\"elementor elementor-3587\">\n\t\t\t\t\t\t\t<div class=\"elementor-element elementor-element-64bb115c e-flex e-con-boxed e-con e-parent\" data-id=\"64bb115c\" data-element_type=\"container\" data-settings=\"{&quot;content_width&quot;:&quot;boxed&quot;}\" data-core-v316-plus=\"true\">\n\t\t\t\t\t<div class=\"e-con-inner\">\n\t\t\t\t<div class=\"elementor-element elementor-element-45a583bb elementor-widget elementor-widget-text-editor\" data-id=\"45a583bb\" data-element_type=\"widget\" data-widget_type=\"text-editor.default\">\n\t\t\t\t<div class=\"elementor-widget-container\">\n\t\t\t<style>\/*! elementor - v3.18.0 - 20-12-2023 *\/\n.elementor-widget-text-editor.elementor-drop-cap-view-stacked .elementor-drop-cap{background-color:#69727d;color:#fff}.elementor-widget-text-editor.elementor-drop-cap-view-framed .elementor-drop-cap{color:#69727d;border:3px solid;background-color:transparent}.elementor-widget-text-editor:not(.elementor-drop-cap-view-default) .elementor-drop-cap{margin-top:8px}.elementor-widget-text-editor:not(.elementor-drop-cap-view-default) .elementor-drop-cap-letter{width:1em;height:1em}.elementor-widget-text-editor .elementor-drop-cap{float:left;text-align:center;line-height:1;font-size:50px}.elementor-widget-text-editor .elementor-drop-cap-letter{display:inline-block}<\/style>\t\t\t\t<p><img fetchpriority=\"high\" decoding=\"async\" class=\"alignnone size-full wp-image-3588\" src=\"https:\/\/przedszkole12nowasol.pl\/wp-content\/uploads\/2025\/02\/481479776_610663285169265_674596752163741018_n.jpg\" alt=\"\" width=\"2048\" height=\"917\" srcset=\"https:\/\/przedszkole12nowasol.pl\/wp-content\/uploads\/2025\/02\/481479776_610663285169265_674596752163741018_n.jpg 2048w, https:\/\/przedszkole12nowasol.pl\/wp-content\/uploads\/2025\/02\/481479776_610663285169265_674596752163741018_n-300x134.jpg 300w, https:\/\/przedszkole12nowasol.pl\/wp-content\/uploads\/2025\/02\/481479776_610663285169265_674596752163741018_n-1024x459.jpg 1024w, https:\/\/przedszkole12nowasol.pl\/wp-content\/uploads\/2025\/02\/481479776_610663285169265_674596752163741018_n-768x344.jpg 768w, https:\/\/przedszkole12nowasol.pl\/wp-content\/uploads\/2025\/02\/481479776_610663285169265_674596752163741018_n-1536x688.jpg 1536w, https:\/\/przedszkole12nowasol.pl\/wp-content\/uploads\/2025\/02\/481479776_610663285169265_674596752163741018_n-670x300.jpg 670w\" sizes=\"(max-width: 2048px) 100vw, 2048px\" \/><\/p>\n<div dir=\"auto\"><strong><span style=\"color: #000000; font-size: 14pt;\"><span class=\"html-span xexx8yu x4uap5 x18d9i69 xkhd6sd x1hl2dhg x16tdsg8 x1vvkbs x3nfvp2 x1j61x8r x1fcty0u xdj266r xat24cr xgzva0m xhhsvwb xxymvpz xlup9mm x1kky2od\"><img decoding=\"async\" class=\"xz74otr\" src=\"https:\/\/static.xx.fbcdn.net\/images\/emoji.php\/v9\/tf4\/1\/16\/2728.png\" alt=\"\u2728\" width=\"16\" height=\"16\"><\/span> Drodzy Rodzice, Dzieci i Przyjaciele! <span class=\"html-span xexx8yu x4uap5 x18d9i69 xkhd6sd x1hl2dhg x16tdsg8 x1vvkbs x3nfvp2 x1j61x8r x1fcty0u xdj266r xat24cr xgzva0m xhhsvwb xxymvpz xlup9mm x1kky2od\"><img decoding=\"async\" class=\"xz74otr\" src=\"https:\/\/static.xx.fbcdn.net\/images\/emoji.php\/v9\/tf4\/1\/16\/2728.png\" alt=\"\u2728\" width=\"16\" height=\"16\"><\/span><\/span><\/strong><br><strong><span style=\"color: #000000; font-size: 14pt;\"><span class=\"html-span xexx8yu x4uap5 x18d9i69 xkhd6sd x1hl2dhg x16tdsg8 x1vvkbs x3nfvp2 x1j61x8r x1fcty0u xdj266r xat24cr xgzva0m xhhsvwb xxymvpz xlup9mm x1kky2od\"><br><\/span><\/span><\/strong><\/div>\n<div dir=\"auto\"><\/div>\n<div dir=\"auto\"><span style=\"color: #000000;\">Z rado\u015bci\u0105 informujemy, \u017ce wczoraj odby\u0142a si\u0119 wyj\u0105tkowa uroczysto\u015b\u0107 nadania imienia Jana Brzechwy naszemu przedszkolu! <span class=\"html-span xexx8yu x4uap5 x18d9i69 xkhd6sd x1hl2dhg x16tdsg8 x1vvkbs x3nfvp2 x1j61x8r x1fcty0u xdj266r xat24cr xgzva0m xhhsvwb xxymvpz xlup9mm x1kky2od\"><img decoding=\"async\" class=\"xz74otr\" src=\"https:\/\/static.xx.fbcdn.net\/images\/emoji.php\/v9\/t4b\/1\/16\/1f4dc.png\" alt=\"\ud83d\udcdc\" width=\"16\" height=\"16\"><\/span>To niezwyk\u0142e wydarzenie zgromadzi\u0142o ca\u0142e nasze przedszkolne \u015brodowisko oraz licznych go\u015bci.<\/span><br><span style=\"color: #000000;\"><br><\/span><\/div>\n<div dir=\"auto\"><span style=\"color: #000000;\"><span class=\"html-span xexx8yu x4uap5 x18d9i69 xkhd6sd x1hl2dhg x16tdsg8 x1vvkbs x3nfvp2 x1j61x8r x1fcty0u xdj266r xat24cr xgzva0m xhhsvwb xxymvpz xlup9mm x1kky2od\"><img loading=\"lazy\" decoding=\"async\" class=\"xz74otr\" src=\"https:\/\/static.xx.fbcdn.net\/images\/emoji.php\/v9\/t8d\/1\/16\/1f467.png\" alt=\"\ud83d\udc67\" width=\"16\" height=\"16\"><\/span><span class=\"html-span xexx8yu x4uap5 x18d9i69 xkhd6sd x1hl2dhg x16tdsg8 x1vvkbs x3nfvp2 x1j61x8r x1fcty0u xdj266r xat24cr xgzva0m xhhsvwb xxymvpz xlup9mm x1kky2od\"><img loading=\"lazy\" decoding=\"async\" class=\"xz74otr\" src=\"https:\/\/static.xx.fbcdn.net\/images\/emoji.php\/v9\/tdf\/1\/16\/1f9d2.png\" alt=\"\ud83e\uddd2\" width=\"16\" height=\"16\"><\/span> Dzieci zaprezentowa\u0142y wspania\u0142e inscenizacje inspirowane utworami tego znakomitego poety i bajkopisarza. <span class=\"html-span xexx8yu x4uap5 x18d9i69 xkhd6sd x1hl2dhg x16tdsg8 x1vvkbs x3nfvp2 x1j61x8r x1fcty0u xdj266r xat24cr xgzva0m xhhsvwb xxymvpz xlup9mm x1kky2od\"><img loading=\"lazy\" decoding=\"async\" class=\"xz74otr\" src=\"https:\/\/static.xx.fbcdn.net\/images\/emoji.php\/v9\/t49\/1\/16\/1f4da.png\" alt=\"\ud83d\udcda\" width=\"16\" height=\"16\"><\/span> Na scenie mogli\u015bmy zobaczy\u0107 \u201eKaczk\u0119 Dziwaczk\u0119\u201d, \u201eKwok\u0119\u201d, \u201eLenia\u201d oraz wiele innych barwnych postaci, kt\u00f3re o\u017cy\u0142y dzi\u0119ki talentowi naszych ma\u0142ych aktor\u00f3w.<\/span><\/div>\n<div dir=\"auto\"><\/div>\n<div dir=\"auto\"><span style=\"color: #000000;\">W\u015br\u00f3d zaproszonych go\u015bci byli przedstawiciele lokalnych w\u0142adz, dyrektorzy, nauczyciele, rodzice oraz przyjaciele przedszkola. W cz\u0119\u015bci oficjalnej nast\u0105pi\u0142o uroczyste os\u0142oni\u0119cie tablicy, kt\u00f3ra na zawsze upami\u0119tni ten dzie\u0144 i przypiecz\u0119tuje nadanie imienia naszemu przedszkolu.<\/span><br><span style=\"color: #000000;\"><br><\/span><\/div>\n<div dir=\"auto\"><\/div>\n<div dir=\"auto\"><strong><span style=\"color: #000000;\">Dzi\u0119kujemy za obecno\u015b\u0107 go\u015bciom honorowym<\/span><\/strong><\/div>\n<ul>\n<li dir=\"auto\"><span style=\"color: #000000;\">Panu Senatorowi Wadimowi Tyszkiewiczowi,<\/span><\/li>\n<li dir=\"auto\"><span style=\"color: #000000;\">Pani Prezydent Nowej Soli Beacie Kulczyckiej,<\/span><\/li>\n<li dir=\"auto\"><span style=\"color: #000000;\">Wice Przewodnicz\u0105cemu Rady Miasta Nowej Soli Panu Bogdanowi Mikulskiemu<\/span><\/li>\n<li dir=\"auto\"><span style=\"color: #000000;\">oraz za przekazanie listu Lubuskiego Kuratora O\u015bwiaty Pana Mariusza Biniewskiego.<\/span><\/li>\n<\/ul>\n<div dir=\"auto\"><\/div>\n<div dir=\"auto\"><span style=\"color: #000000;\"><strong>Dzi\u0119kujemy wszystkim, kt\u00f3rzy przyczynili si\u0119 do organizacji tego wyj\u0105tkowego wydarzenia!<\/strong> <\/span><\/div>\n<ul>\n<li dir=\"auto\"><span style=\"color: #000000;\">Wszystkim pracownikom przedszkola. Razem stworzyli\u015bmy niezapomniane wspomnienia, kt\u00f3re na zawsze pozostan\u0105 w naszych sercach.<\/span><\/li>\n<li dir=\"auto\"><span style=\"color: #000000;\">Za wprowadzenie w wyj\u0105tkowy nastr\u00f3j, muzyk\u0119 na \u017cywo dzi\u0119kujemy Panu Robertowi Chyle -za gr\u0119 na saksofonie, Pani Angelice Fuchs- za gr\u0119 na pianinie, Julianowi Kurzawie za umilenie czasu i gr\u0119 na pianinie, <\/span><span style=\"color: #000000;\">za pi\u0119kny, bajeczny wokal dzi\u0119kujemy Pani El\u017cbiecie Karskiej,<\/span><\/li>\n<li dir=\"auto\"><span style=\"color: #000000;\">za stworzenie bajkowych efekt\u00f3w specjalnych dzi\u0119kujemy Panu Mariuszowi Siekierce,<\/span><\/li>\n<li dir=\"auto\"><span style=\"color: #000000;\">Za s\u0142odk\u0105 magiczn\u0105 niespodziank\u0119 dzi\u0119kujemy Pani Agnieszce Mazur,<\/span><\/li>\n<li dir=\"auto\"><span style=\"color: #000000;\">natomiast za dostarczenie morza czekolady, kt\u00f3ra os\u0142odzi ten wyj\u0105tkowy dzie\u0144 dzi\u0119kujemy Firmie Toms.<\/span><\/li>\n<\/ul>\n<div dir=\"auto\" style=\"text-align: center;\"><span style=\"color: #000000; font-size: 14pt;\">Niech rado\u015b\u0107 i magia literatury towarzysz\u0105 naszym przedszkolakom na ka\u017cdym kroku!<\/span><\/div><div dir=\"auto\" style=\"text-align: center;\"><span style=\"color: #000000; font-size: 14pt;\"><br><\/span><\/div>\n<div dir=\"auto\"><\/div>\n<div dir=\"auto\"><span style=\"color: #ffcc00; font-size: 14pt;\"><strong>Zapraszamy do obejrzenia galerii zdj\u0119\u0107 w linkach poni\u017cej :<\/strong><\/span><\/div>\n<div dir=\"auto\"><a href=\"https:\/\/photos.app.goo.gl\/ScQ1KtR9efR99jbH8\">Zdj\u0119cia<\/a><\/div>\t\t\t\t\t\t<\/div>\n\t\t\t\t<\/div>\n\t\t\t\t\t<\/div>\n\t\t\t\t<\/div>\n\t\t\t\t\t\t\t<\/div>\n\t\t","protected":false},"excerpt":{"rendered":"<p>Drodzy Rodzice, Dzieci i Przyjaciele! Z rado\u015bci\u0105 informujemy, \u017ce wczoraj odby\u0142a si\u0119 wyj\u0105tkowa uroczysto\u015b\u0107 nadania imienia Jana Brzechwy naszemu przedszkolu! To niezwyk\u0142e wydarzenie zgromadzi\u0142o ca\u0142e nasze przedszkolne \u015brodowisko oraz licznych go\u015bci. Dzieci zaprezentowa\u0142y wspania\u0142e inscenizacje inspirowane utworami tego znakomitego poety i bajkopisarza. Na scenie mogli\u015bmy zobaczy\u0107 \u201eKaczk\u0119 Dziwaczk\u0119\u201d, \u201eKwok\u0119\u201d, \u201eLenia\u201d &hellip;<\/p>\n","protected":false},"author":1,"featured_media":0,"comment_status":"closed","ping_status":"open","sticky":false,"template":"","format":"standard","meta":{"footnotes":""},"categories":[17],"tags":[],"class_list":["post-3587","post","type-post","status-publish","format-standard","hentry","category-aktualnosci"],"_links":{"self":[{"href":"https:\/\/przedszkole12nowasol.pl\/index.php?rest_route=\/wp\/v2\/posts\/3587","targetHints":{"allow":["GET"]}}],"collection":[{"href":"https:\/\/przedszkole12nowasol.pl\/index.php?rest_route=\/wp\/v2\/posts"}],"about":[{"href":"https:\/\/przedszkole12nowasol.pl\/index.php?rest_route=\/wp\/v2\/types\/post"}],"author":[{"embeddable":true,"href":"https:\/\/przedszkole12nowasol.pl\/index.php?rest_route=\/wp\/v2\/users\/1"}],"replies":[{"embeddable":true,"href":"https:\/\/przedszkole12nowasol.pl\/index.php?rest_route=%2Fwp%2Fv2%2Fcomments&post=3587"}],"version-history":[{"count":4,"href":"https:\/\/przedszkole12nowasol.pl\/index.php?rest_route=\/wp\/v2\/posts\/3587\/revisions"}],"predecessor-version":[{"id":3592,"href":"https:\/\/przedszkole12nowasol.pl\/index.php?rest_route=\/wp\/v2\/posts\/3587\/revisions\/3592"}],"wp:attachment":[{"href":"https:\/\/przedszkole12nowasol.pl\/index.php?rest_route=%2Fwp%2Fv2%2Fmedia&parent=3587"}],"wp:term":[{"taxonomy":"category","embeddable":true,"href":"https:\/\/przedszkole12nowasol.pl\/index.php?rest_route=%2Fwp%2Fv2%2Fcategories&post=3587"},{"taxonomy":"post_tag","embeddable":true,"href":"https:\/\/przedszkole12nowasol.pl\/index.php?rest_route=%2Fwp%2Fv2%2Ftags&post=3587"}],"curies":[{"name":"wp","href":"https:\/\/api.w.org\/{rel}","templated":true}]}}