{"id":3602,"date":"2025-04-22T04:50:58","date_gmt":"2025-04-22T04:50:58","guid":{"rendered":"https:\/\/przedszkole12nowasol.pl\/?p=3602"},"modified":"2025-04-22T04:51:53","modified_gmt":"2025-04-22T04:51:53","slug":"spotkanie-z-artysta","status":"publish","type":"post","link":"https:\/\/przedszkole12nowasol.pl\/?p=3602","title":{"rendered":"Spotkanie z artyst\u0105"},"content":{"rendered":"\t\t<div data-elementor-type=\"wp-post\" data-elementor-id=\"3602\" class=\"elementor elementor-3602\">\n\t\t\t\t\t\t\t<div class=\"elementor-element elementor-element-95b74e1 e-flex e-con-boxed e-con e-parent\" data-id=\"95b74e1\" data-element_type=\"container\" data-settings=\"{&quot;content_width&quot;:&quot;boxed&quot;}\" data-core-v316-plus=\"true\">\n\t\t\t\t\t<div class=\"e-con-inner\">\n\t\t\t\t<div class=\"elementor-element elementor-element-78fec45c elementor-widget elementor-widget-text-editor\" data-id=\"78fec45c\" data-element_type=\"widget\" data-widget_type=\"text-editor.default\">\n\t\t\t\t<div class=\"elementor-widget-container\">\n\t\t\t<style>\/*! elementor - v3.18.0 - 20-12-2023 *\/\n.elementor-widget-text-editor.elementor-drop-cap-view-stacked .elementor-drop-cap{background-color:#69727d;color:#fff}.elementor-widget-text-editor.elementor-drop-cap-view-framed .elementor-drop-cap{color:#69727d;border:3px solid;background-color:transparent}.elementor-widget-text-editor:not(.elementor-drop-cap-view-default) .elementor-drop-cap{margin-top:8px}.elementor-widget-text-editor:not(.elementor-drop-cap-view-default) .elementor-drop-cap-letter{width:1em;height:1em}.elementor-widget-text-editor .elementor-drop-cap{float:left;text-align:center;line-height:1;font-size:50px}.elementor-widget-text-editor .elementor-drop-cap-letter{display:inline-block}<\/style>\t\t\t\t<p><img fetchpriority=\"high\" decoding=\"async\" class=\"alignnone size-full wp-image-3603\" src=\"https:\/\/przedszkole12nowasol.pl\/wp-content\/uploads\/2025\/04\/480506184_625055887063338_5146288780789875178_n.jpg\" alt=\"\" width=\"2048\" height=\"1536\" srcset=\"https:\/\/przedszkole12nowasol.pl\/wp-content\/uploads\/2025\/04\/480506184_625055887063338_5146288780789875178_n.jpg 2048w, https:\/\/przedszkole12nowasol.pl\/wp-content\/uploads\/2025\/04\/480506184_625055887063338_5146288780789875178_n-300x225.jpg 300w, https:\/\/przedszkole12nowasol.pl\/wp-content\/uploads\/2025\/04\/480506184_625055887063338_5146288780789875178_n-1024x768.jpg 1024w, https:\/\/przedszkole12nowasol.pl\/wp-content\/uploads\/2025\/04\/480506184_625055887063338_5146288780789875178_n-768x576.jpg 768w, https:\/\/przedszkole12nowasol.pl\/wp-content\/uploads\/2025\/04\/480506184_625055887063338_5146288780789875178_n-1536x1152.jpg 1536w, https:\/\/przedszkole12nowasol.pl\/wp-content\/uploads\/2025\/04\/480506184_625055887063338_5146288780789875178_n-400x300.jpg 400w\" sizes=\"(max-width: 2048px) 100vw, 2048px\" \/><\/p>\n<div dir=\"auto\" style=\"text-align: center;\"><span style=\"font-size: 14pt;\"><span class=\"html-span xexx8yu x4uap5 x18d9i69 xkhd6sd x1hl2dhg x16tdsg8 x1vvkbs x3nfvp2 x1j61x8r x1fcty0u xdj266r xat24cr xgzva0m xhhsvwb xxymvpz xlup9mm x1kky2od\"><img decoding=\"async\" class=\"xz74otr x168nmei x13lgxp2 x5pf9jr xo71vjh\" src=\"https:\/\/static.xx.fbcdn.net\/images\/emoji.php\/v9\/tae\/1\/16\/1f3ad.png\" alt=\"\ud83c\udfad\" width=\"16\" height=\"16\"><\/span><span class=\"html-span xexx8yu x4uap5 x18d9i69 xkhd6sd x1hl2dhg x16tdsg8 x1vvkbs x3nfvp2 x1j61x8r x1fcty0u xdj266r xat24cr xgzva0m xhhsvwb xxymvpz xlup9mm x1kky2od\"><img decoding=\"async\" class=\"xz74otr x168nmei x13lgxp2 x5pf9jr xo71vjh\" src=\"https:\/\/static.xx.fbcdn.net\/images\/emoji.php\/v9\/tf4\/1\/16\/2728.png\" alt=\"\u2728\" width=\"16\" height=\"16\"><\/span><span style=\"color: #000000;\">Dzi\u015b w naszym przedszkolu mia\u0142o miejsce niezwykle wydarzenie! <\/span><\/span><\/div>\n<div dir=\"auto\" style=\"text-align: center;\"><span style=\"font-size: 14pt;\"><span style=\"color: #000000;\">Mieli\u015bmy zaszczyt go\u015bci\u0107 znanego aktora <span class=\"html-span xdj266r x11i5rnm xat24cr x1mh8g0r xexx8yu x4uap5 x18d9i69 xkhd6sd x1hl2dhg x16tdsg8 x1vvkbs\"><a class=\"x1i10hfl xjbqb8w x1ejq31n xd10rxx x1sy0etr x17r0tee x972fbf xcfux6l x1qhh985 xm0m39n x9f619 x1ypdohk xt0psk2 xe8uvvx xdj266r x11i5rnm xat24cr x1mh8g0r xexx8yu x4uap5 x18d9i69 xkhd6sd x16tdsg8 x1hl2dhg xggy1nq x1a2a7pz xkrqix3 x1sur9pj x1fey0fg x1s688f\" style=\"color: #000000;\" tabindex=\"0\" role=\"link\" href=\"https:\/\/www.facebook.com\/Matt.Malecki.Actor?__cft__[0]=AZVRKcefgTLTwX7a8noHXFtb-7SNL1uoaVBc2rXnTsJ7XfWp4t2dQg4PVQF2cT5FtKOBOKTfkg_jz79tuTf88BOJc9ghoA6FXVb5S6nsZPw_204Qg_1BnBVb-8_cNviIjBlG57HAzf0TfZqnXmItfiUxa27FoabNpqPpqa6EOq44MjLSCvmvhdo0Wo-DNfdZlX0&amp;__tn__=-]K-R\"><span class=\"xt0psk2\"><span class=\"xjp7ctv\">Mateusz \/ Matt Malecki<\/span><\/span><\/a><\/span> <\/span><\/span><\/div>\n<div dir=\"auto\" style=\"text-align: center;\"><span style=\"font-size: 14pt;\"><span style=\"color: #000000;\">,kt\u00f3ry przyby\u0142, aby przeczyta\u0107 dzieciom wiersze patrona<\/span><\/span><\/div><div dir=\"auto\" style=\"text-align: center;\"><span style=\"font-size: 14pt;\"><span style=\"color: #000000;\">&nbsp;naszego przedszkola &#8211; Jana Brzechwy. <span class=\"html-span xexx8yu x4uap5 x18d9i69 xkhd6sd x1hl2dhg x16tdsg8 x1vvkbs x3nfvp2 x1j61x8r x1fcty0u xdj266r xat24cr xgzva0m xhhsvwb xxymvpz xlup9mm x1kky2od\"><img decoding=\"async\" class=\"xz74otr x168nmei x13lgxp2 x5pf9jr xo71vjh\" src=\"https:\/\/static.xx.fbcdn.net\/images\/emoji.php\/v9\/tf4\/1\/16\/2728.png\" alt=\"\u2728\" width=\"16\" height=\"16\"><\/span><span class=\"html-span xexx8yu x4uap5 x18d9i69 xkhd6sd x1hl2dhg x16tdsg8 x1vvkbs x3nfvp2 x1j61x8r x1fcty0u xdj266r xat24cr xgzva0m xhhsvwb xxymvpz xlup9mm x1kky2od\"><img decoding=\"async\" class=\"xz74otr x168nmei x13lgxp2 x5pf9jr xo71vjh\" src=\"https:\/\/static.xx.fbcdn.net\/images\/emoji.php\/v9\/tae\/1\/16\/1f3ad.png\" alt=\"\ud83c\udfad\" width=\"16\" height=\"16\"><\/span>.<\/span><\/span><\/div>\n<div dir=\"auto\" style=\"text-align: center;\"><span style=\"font-size: 14pt; color: #000000;\">Dzieci z niecierpliwo\u015bci\u0105 czeka\u0142y na spotkanie i z u\u015bmiechami na twarzach przywita\u0142y naszego go\u015bcia. Aktor wci\u0105gn\u0105\u0142 najm\u0142odszych w \u015bwiat literatury <span class=\"html-span xexx8yu x4uap5 x18d9i69 xkhd6sd x1hl2dhg x16tdsg8 x1vvkbs x3nfvp2 x1j61x8r x1fcty0u xdj266r xat24cr xgzva0m xhhsvwb xxymvpz xlup9mm x1kky2od\"><img loading=\"lazy\" decoding=\"async\" class=\"xz74otr x168nmei x13lgxp2 x5pf9jr xo71vjh\" src=\"https:\/\/static.xx.fbcdn.net\/images\/emoji.php\/v9\/t9e\/1\/16\/1f4d6.png\" alt=\"\ud83d\udcd6\" width=\"16\" height=\"16\"><\/span><span class=\"html-span xexx8yu x4uap5 x18d9i69 xkhd6sd x1hl2dhg x16tdsg8 x1vvkbs x3nfvp2 x1j61x8r x1fcty0u xdj266r xat24cr xgzva0m xhhsvwb xxymvpz xlup9mm x1kky2od\"><img loading=\"lazy\" decoding=\"async\" class=\"xz74otr x168nmei x13lgxp2 x5pf9jr xo71vjh\" src=\"https:\/\/static.xx.fbcdn.net\/images\/emoji.php\/v9\/t49\/1\/16\/1f4da.png\" alt=\"\ud83d\udcda\" width=\"16\" height=\"16\"><\/span> czytaj\u0105c takie klasyki jak &#8220;Kaczka dziwaczka&#8221;, &#8220;Na straganie&#8221; czy &#8220;Na wyspach Bergamutach&#8221;. Nasz go\u015b\u0107 rozda\u0142 autografy swoim nowym fanom.<\/span><\/div>\n<div dir=\"auto\" style=\"text-align: center;\"><span style=\"font-size: 14pt; color: #000000;\"> Mamy nadziej\u0119, \u017ce to nie ostatnia taka wizyta <span class=\"html-span xexx8yu x4uap5 x18d9i69 xkhd6sd x1hl2dhg x16tdsg8 x1vvkbs x3nfvp2 x1j61x8r x1fcty0u xdj266r xat24cr xgzva0m xhhsvwb xxymvpz xlup9mm x1kky2od\"><img loading=\"lazy\" decoding=\"async\" class=\"xz74otr x168nmei x13lgxp2 x5pf9jr xo71vjh\" src=\"https:\/\/static.xx.fbcdn.net\/images\/emoji.php\/v9\/tea\/1\/16\/1f970.png\" alt=\"\ud83e\udd70\" width=\"16\" height=\"16\"><\/span>.<\/span><br><span style=\"font-size: 14pt; color: #000000;\"><br><\/span><\/div>\n<div dir=\"auto\"><\/div>\n<div dir=\"auto\"><span style=\"font-size: 14pt; color: #33cccc;\"><strong>Zapraszamy do obejrzenia galerii zdj\u0119\u0107 w linkach poni\u017cej :<\/strong><\/span><\/div>\n<div dir=\"auto\"><a href=\"https:\/\/photos.app.goo.gl\/qh4K4TLNSEks5aS29\">https:\/\/photos.app.goo.gl\/qh4K4TLNSEks5aS29<\/a><\/div>\t\t\t\t\t\t<\/div>\n\t\t\t\t<\/div>\n\t\t\t\t\t<\/div>\n\t\t\t\t<\/div>\n\t\t\t\t\t\t\t<\/div>\n\t\t","protected":false},"excerpt":{"rendered":"<p>Dzi\u015b w naszym przedszkolu mia\u0142o miejsce niezwykle wydarzenie! Mieli\u015bmy zaszczyt go\u015bci\u0107 znanego aktora Mateusz \/ Matt Malecki ,kt\u00f3ry przyby\u0142, aby przeczyta\u0107 dzieciom wiersze patrona&nbsp;naszego przedszkola &#8211; Jana Brzechwy. . Dzieci z niecierpliwo\u015bci\u0105 czeka\u0142y na spotkanie i z u\u015bmiechami na twarzach przywita\u0142y naszego go\u015bcia. Aktor wci\u0105gn\u0105\u0142 najm\u0142odszych w \u015bwiat literatury czytaj\u0105c &hellip;<\/p>\n","protected":false},"author":1,"featured_media":0,"comment_status":"closed","ping_status":"open","sticky":false,"template":"","format":"standard","meta":{"footnotes":""},"categories":[17],"tags":[],"class_list":["post-3602","post","type-post","status-publish","format-standard","hentry","category-aktualnosci"],"_links":{"self":[{"href":"https:\/\/przedszkole12nowasol.pl\/index.php?rest_route=\/wp\/v2\/posts\/3602","targetHints":{"allow":["GET"]}}],"collection":[{"href":"https:\/\/przedszkole12nowasol.pl\/index.php?rest_route=\/wp\/v2\/posts"}],"about":[{"href":"https:\/\/przedszkole12nowasol.pl\/index.php?rest_route=\/wp\/v2\/types\/post"}],"author":[{"embeddable":true,"href":"https:\/\/przedszkole12nowasol.pl\/index.php?rest_route=\/wp\/v2\/users\/1"}],"replies":[{"embeddable":true,"href":"https:\/\/przedszkole12nowasol.pl\/index.php?rest_route=%2Fwp%2Fv2%2Fcomments&post=3602"}],"version-history":[{"count":4,"href":"https:\/\/przedszkole12nowasol.pl\/index.php?rest_route=\/wp\/v2\/posts\/3602\/revisions"}],"predecessor-version":[{"id":3607,"href":"https:\/\/przedszkole12nowasol.pl\/index.php?rest_route=\/wp\/v2\/posts\/3602\/revisions\/3607"}],"wp:attachment":[{"href":"https:\/\/przedszkole12nowasol.pl\/index.php?rest_route=%2Fwp%2Fv2%2Fmedia&parent=3602"}],"wp:term":[{"taxonomy":"category","embeddable":true,"href":"https:\/\/przedszkole12nowasol.pl\/index.php?rest_route=%2Fwp%2Fv2%2Fcategories&post=3602"},{"taxonomy":"post_tag","embeddable":true,"href":"https:\/\/przedszkole12nowasol.pl\/index.php?rest_route=%2Fwp%2Fv2%2Ftags&post=3602"}],"curies":[{"name":"wp","href":"https:\/\/api.w.org\/{rel}","templated":true}]}}