{"id":3646,"date":"2025-06-04T08:23:20","date_gmt":"2025-06-04T08:23:20","guid":{"rendered":"https:\/\/przedszkole12nowasol.pl\/?p=3646"},"modified":"2025-06-04T08:26:38","modified_gmt":"2025-06-04T08:26:38","slug":"dzien-mamy-i-taty-3","status":"publish","type":"post","link":"https:\/\/przedszkole12nowasol.pl\/?p=3646","title":{"rendered":"Dzie\u0144 mamy i taty"},"content":{"rendered":"\t\t<div data-elementor-type=\"wp-post\" data-elementor-id=\"3646\" class=\"elementor elementor-3646\">\n\t\t\t\t\t\t\t<div class=\"elementor-element elementor-element-32613b5d e-flex e-con-boxed e-con e-parent\" data-id=\"32613b5d\" data-element_type=\"container\" data-settings=\"{&quot;content_width&quot;:&quot;boxed&quot;}\" data-core-v316-plus=\"true\">\n\t\t\t\t\t<div class=\"e-con-inner\">\n\t\t\t\t<div class=\"elementor-element elementor-element-27b633a2 elementor-widget elementor-widget-text-editor\" data-id=\"27b633a2\" data-element_type=\"widget\" data-widget_type=\"text-editor.default\">\n\t\t\t\t<div class=\"elementor-widget-container\">\n\t\t\t<style>\/*! elementor - v3.18.0 - 20-12-2023 *\/\n.elementor-widget-text-editor.elementor-drop-cap-view-stacked .elementor-drop-cap{background-color:#69727d;color:#fff}.elementor-widget-text-editor.elementor-drop-cap-view-framed .elementor-drop-cap{color:#69727d;border:3px solid;background-color:transparent}.elementor-widget-text-editor:not(.elementor-drop-cap-view-default) .elementor-drop-cap{margin-top:8px}.elementor-widget-text-editor:not(.elementor-drop-cap-view-default) .elementor-drop-cap-letter{width:1em;height:1em}.elementor-widget-text-editor .elementor-drop-cap{float:left;text-align:center;line-height:1;font-size:50px}.elementor-widget-text-editor .elementor-drop-cap-letter{display:inline-block}<\/style>\t\t\t\t<p><img fetchpriority=\"high\" decoding=\"async\" class=\"alignnone size-full wp-image-3647\" src=\"https:\/\/przedszkole12nowasol.pl\/wp-content\/uploads\/2025\/06\/501789757_679640461604880_642055204290551554_n.jpg\" alt=\"\" width=\"1600\" height=\"1200\" srcset=\"https:\/\/przedszkole12nowasol.pl\/wp-content\/uploads\/2025\/06\/501789757_679640461604880_642055204290551554_n.jpg 1600w, https:\/\/przedszkole12nowasol.pl\/wp-content\/uploads\/2025\/06\/501789757_679640461604880_642055204290551554_n-300x225.jpg 300w, https:\/\/przedszkole12nowasol.pl\/wp-content\/uploads\/2025\/06\/501789757_679640461604880_642055204290551554_n-1024x768.jpg 1024w, https:\/\/przedszkole12nowasol.pl\/wp-content\/uploads\/2025\/06\/501789757_679640461604880_642055204290551554_n-768x576.jpg 768w, https:\/\/przedszkole12nowasol.pl\/wp-content\/uploads\/2025\/06\/501789757_679640461604880_642055204290551554_n-1536x1152.jpg 1536w, https:\/\/przedszkole12nowasol.pl\/wp-content\/uploads\/2025\/06\/501789757_679640461604880_642055204290551554_n-400x300.jpg 400w\" sizes=\"(max-width: 1600px) 100vw, 1600px\" \/><\/p>\n<div dir=\"auto\"><span style=\"color: #000000;\"><strong><span class=\"html-span xexx8yu x4uap5 x18d9i69 xkhd6sd x1hl2dhg x16tdsg8 x1vvkbs x3nfvp2 x1j61x8r x1fcty0u xdj266r xat24cr xgzva0m xhhsvwb xxymvpz xlup9mm x1kky2od\"><img decoding=\"async\" class=\"xz74otr x168nmei x13lgxp2 x5pf9jr xo71vjh\" src=\"https:\/\/static.xx.fbcdn.net\/images\/emoji.php\/v9\/t9b\/1\/16\/1f33c.png\" alt=\"\ud83c\udf3c\" width=\"16\" height=\"16\"><\/span><span style=\"font-size: 14pt;\"> Ach, co to by\u0142 za dzie\u0144! <span class=\"html-span xexx8yu x4uap5 x18d9i69 xkhd6sd x1hl2dhg x16tdsg8 x1vvkbs x3nfvp2 x1j61x8r x1fcty0u xdj266r xat24cr xgzva0m xhhsvwb xxymvpz xlup9mm x1kky2od\"><img decoding=\"async\" class=\"xz74otr x168nmei x13lgxp2 x5pf9jr xo71vjh\" src=\"https:\/\/static.xx.fbcdn.net\/images\/emoji.php\/v9\/t9b\/1\/16\/1f33c.png\" alt=\"\ud83c\udf3c\" width=\"16\" height=\"16\"><\/span><\/span><\/strong><\/span><\/div>\n<div dir=\"auto\"><span style=\"font-size: 14pt; color: #000000;\"><strong>Dzie\u0144 Rodziny w naszym przedszkolu by\u0142 pe\u0142en wzrusze\u0144, \u015bmiechu i pi\u0119knych chwil sp\u0119dzonych razem. Dzi\u0119kujemy za wsp\u00f3lne \u015bwi\u0119towanie!<span class=\"html-span xexx8yu x4uap5 x18d9i69 xkhd6sd x1hl2dhg x16tdsg8 x1vvkbs x3nfvp2 x1j61x8r x1fcty0u xdj266r xat24cr xgzva0m xhhsvwb xxymvpz xlup9mm x1kky2od\"><img decoding=\"async\" class=\"xz74otr x168nmei x13lgxp2 x5pf9jr xo71vjh\" src=\"https:\/\/static.xx.fbcdn.net\/images\/emoji.php\/v9\/tea\/1\/16\/1f970.png\" alt=\"\ud83e\udd70\" width=\"16\" height=\"16\"><\/span><\/strong><\/span><\/div>\n<div dir=\"auto\"><span style=\"font-size: 14pt; color: #000000;\"><strong>Zapraszamy do obejrzenia zdj\u0119\u0107 i powr\u00f3cenia wspomnieniami do tych pi\u0119knych moment\u00f3w! <span class=\"html-span xexx8yu x4uap5 x18d9i69 xkhd6sd x1hl2dhg x16tdsg8 x1vvkbs x3nfvp2 x1j61x8r x1fcty0u xdj266r xat24cr xgzva0m xhhsvwb xxymvpz xlup9mm x1kky2od\"><img loading=\"lazy\" decoding=\"async\" class=\"xz74otr x168nmei x13lgxp2 x5pf9jr xo71vjh\" src=\"https:\/\/static.xx.fbcdn.net\/images\/emoji.php\/v9\/tde\/1\/16\/1f4f8.png\" alt=\"\ud83d\udcf8\" width=\"16\" height=\"16\"><\/span><span class=\"html-span xexx8yu x4uap5 x18d9i69 xkhd6sd x1hl2dhg x16tdsg8 x1vvkbs x3nfvp2 x1j61x8r x1fcty0u xdj266r xat24cr xgzva0m xhhsvwb xxymvpz xlup9mm x1kky2od\"><img loading=\"lazy\" decoding=\"async\" class=\"xz74otr x168nmei x13lgxp2 x5pf9jr xo71vjh\" src=\"https:\/\/static.xx.fbcdn.net\/images\/emoji.php\/v9\/t6f\/1\/16\/1f337.png\" alt=\"\ud83c\udf37\" width=\"16\" height=\"16\"><\/span><\/strong><\/span><\/div><div dir=\"auto\"><span style=\"font-size: 14pt; color: #000000;\"><strong><span class=\"html-span xexx8yu x4uap5 x18d9i69 xkhd6sd x1hl2dhg x16tdsg8 x1vvkbs x3nfvp2 x1j61x8r x1fcty0u xdj266r xat24cr xgzva0m xhhsvwb xxymvpz xlup9mm x1kky2od\"><br><\/span><\/strong><\/span><\/div>\n<div dir=\"auto\"><\/div>\n<p><span style=\"font-size: 14pt; color: #ff0000;\"><strong>Zapraszamy do obejrzenia galerii zdj\u0119\u0107 w linkach poni\u017cej :<\/strong><\/span><\/p>\n<p><span style=\"color: #000000;\"><a style=\"color: #000000;\" href=\"https:\/\/photos.app.goo.gl\/55yStPEAxsKdSwky9\">Zdj\u0119cia-link<\/a><\/span><\/p>\t\t\t\t\t\t<\/div>\n\t\t\t\t<\/div>\n\t\t\t\t\t<\/div>\n\t\t\t\t<\/div>\n\t\t\t\t\t\t\t<\/div>\n\t\t","protected":false},"excerpt":{"rendered":"<p>Ach, co to by\u0142 za dzie\u0144! Dzie\u0144 Rodziny w naszym przedszkolu by\u0142 pe\u0142en wzrusze\u0144, \u015bmiechu i pi\u0119knych chwil sp\u0119dzonych razem. Dzi\u0119kujemy za wsp\u00f3lne \u015bwi\u0119towanie! Zapraszamy do obejrzenia zdj\u0119\u0107 i powr\u00f3cenia wspomnieniami do tych pi\u0119knych moment\u00f3w! Zapraszamy do obejrzenia galerii zdj\u0119\u0107 w linkach poni\u017cej : Zdj\u0119cia-link<\/p>\n","protected":false},"author":1,"featured_media":0,"comment_status":"closed","ping_status":"open","sticky":false,"template":"","format":"standard","meta":{"footnotes":""},"categories":[17],"tags":[],"class_list":["post-3646","post","type-post","status-publish","format-standard","hentry","category-aktualnosci"],"_links":{"self":[{"href":"https:\/\/przedszkole12nowasol.pl\/index.php?rest_route=\/wp\/v2\/posts\/3646","targetHints":{"allow":["GET"]}}],"collection":[{"href":"https:\/\/przedszkole12nowasol.pl\/index.php?rest_route=\/wp\/v2\/posts"}],"about":[{"href":"https:\/\/przedszkole12nowasol.pl\/index.php?rest_route=\/wp\/v2\/types\/post"}],"author":[{"embeddable":true,"href":"https:\/\/przedszkole12nowasol.pl\/index.php?rest_route=\/wp\/v2\/users\/1"}],"replies":[{"embeddable":true,"href":"https:\/\/przedszkole12nowasol.pl\/index.php?rest_route=%2Fwp%2Fv2%2Fcomments&post=3646"}],"version-history":[{"count":4,"href":"https:\/\/przedszkole12nowasol.pl\/index.php?rest_route=\/wp\/v2\/posts\/3646\/revisions"}],"predecessor-version":[{"id":3651,"href":"https:\/\/przedszkole12nowasol.pl\/index.php?rest_route=\/wp\/v2\/posts\/3646\/revisions\/3651"}],"wp:attachment":[{"href":"https:\/\/przedszkole12nowasol.pl\/index.php?rest_route=%2Fwp%2Fv2%2Fmedia&parent=3646"}],"wp:term":[{"taxonomy":"category","embeddable":true,"href":"https:\/\/przedszkole12nowasol.pl\/index.php?rest_route=%2Fwp%2Fv2%2Fcategories&post=3646"},{"taxonomy":"post_tag","embeddable":true,"href":"https:\/\/przedszkole12nowasol.pl\/index.php?rest_route=%2Fwp%2Fv2%2Ftags&post=3646"}],"curies":[{"name":"wp","href":"https:\/\/api.w.org\/{rel}","templated":true}]}}