{"id":3801,"date":"2025-12-17T12:31:02","date_gmt":"2025-12-17T12:31:02","guid":{"rendered":"https:\/\/przedszkole12nowasol.pl\/?p=3801"},"modified":"2025-12-17T12:31:38","modified_gmt":"2025-12-17T12:31:38","slug":"mikolajki-6","status":"publish","type":"post","link":"https:\/\/przedszkole12nowasol.pl\/?p=3801","title":{"rendered":"Miko\u0142ajki"},"content":{"rendered":"\t\t<div data-elementor-type=\"wp-post\" data-elementor-id=\"3801\" class=\"elementor elementor-3801\">\n\t\t\t\t\t\t\t<div class=\"elementor-element elementor-element-76633225 e-flex e-con-boxed e-con e-parent\" data-id=\"76633225\" data-element_type=\"container\" data-settings=\"{&quot;content_width&quot;:&quot;boxed&quot;}\" data-core-v316-plus=\"true\">\n\t\t\t\t\t<div class=\"e-con-inner\">\n\t\t\t\t<div class=\"elementor-element elementor-element-68fc13dc elementor-widget elementor-widget-text-editor\" data-id=\"68fc13dc\" data-element_type=\"widget\" data-widget_type=\"text-editor.default\">\n\t\t\t\t<div class=\"elementor-widget-container\">\n\t\t\t<style>\/*! elementor - v3.18.0 - 20-12-2023 *\/\n.elementor-widget-text-editor.elementor-drop-cap-view-stacked .elementor-drop-cap{background-color:#69727d;color:#fff}.elementor-widget-text-editor.elementor-drop-cap-view-framed .elementor-drop-cap{color:#69727d;border:3px solid;background-color:transparent}.elementor-widget-text-editor:not(.elementor-drop-cap-view-default) .elementor-drop-cap{margin-top:8px}.elementor-widget-text-editor:not(.elementor-drop-cap-view-default) .elementor-drop-cap-letter{width:1em;height:1em}.elementor-widget-text-editor .elementor-drop-cap{float:left;text-align:center;line-height:1;font-size:50px}.elementor-widget-text-editor .elementor-drop-cap-letter{display:inline-block}<\/style>\t\t\t\t<p><img fetchpriority=\"high\" decoding=\"async\" class=\"alignnone size-full wp-image-3802\" src=\"https:\/\/przedszkole12nowasol.pl\/wp-content\/uploads\/2025\/12\/595790109_832099799692278_2103766249107020293_n.jpg\" alt=\"\" width=\"2048\" height=\"1536\" srcset=\"https:\/\/przedszkole12nowasol.pl\/wp-content\/uploads\/2025\/12\/595790109_832099799692278_2103766249107020293_n.jpg 2048w, https:\/\/przedszkole12nowasol.pl\/wp-content\/uploads\/2025\/12\/595790109_832099799692278_2103766249107020293_n-300x225.jpg 300w, https:\/\/przedszkole12nowasol.pl\/wp-content\/uploads\/2025\/12\/595790109_832099799692278_2103766249107020293_n-1024x768.jpg 1024w, https:\/\/przedszkole12nowasol.pl\/wp-content\/uploads\/2025\/12\/595790109_832099799692278_2103766249107020293_n-768x576.jpg 768w, https:\/\/przedszkole12nowasol.pl\/wp-content\/uploads\/2025\/12\/595790109_832099799692278_2103766249107020293_n-1536x1152.jpg 1536w, https:\/\/przedszkole12nowasol.pl\/wp-content\/uploads\/2025\/12\/595790109_832099799692278_2103766249107020293_n-400x300.jpg 400w\" sizes=\"(max-width: 2048px) 100vw, 2048px\" \/><\/p><div dir=\"auto\" style=\"text-align: center;\"><span style=\"font-size: 18pt; color: #000000;\">Wizyta Miko\u0142aja !<\/span><\/div><div dir=\"auto\" style=\"text-align: center;\"><span style=\"font-size: 14pt; color: #000000;\">Pi\u0105tek w naszym przedszkolu zacz\u0105\u0142 si\u0119 wyj\u0105tkowo\u2026 Na korytarzu rozbrzmiewa\u0142y dzwoneczki, <\/span><\/div><div dir=\"auto\" style=\"text-align: center;\"><span style=\"font-size: 14pt; color: #000000;\">a to dlatego, \u017ce odwiedzi\u0142 nas d\u0142ugo wyczekiwany go\u015b\u0107 w czerwonym p\u0142aszczu.\u00a0<\/span><\/div><div dir=\"auto\" style=\"text-align: center;\"><span style=\"font-size: 14pt; color: #000000;\">Dzieci z wielk\u0105 rado\u015bci\u0105 i podekscytowaniem przywita\u0142y Miko\u0142aja, \u015bpiewaj\u0105c dla niego piosenki. <\/span><\/div><div dir=\"auto\" style=\"text-align: center;\"><span style=\"font-size: 14pt; color: #000000;\">Miko\u0142aj znalaz\u0142 chwil\u0119 dla ka\u017cdego dziecka \u2014 by\u0142y rozmowy, u\u015bciski i du\u017co u\u015bmiechu. <\/span><\/div><div dir=\"auto\" style=\"text-align: center;\"><span style=\"font-size: 14pt; color: #000000;\">Najwi\u0119cej emocji wywo\u0142a\u0142 oczywi\u015bcie moment wr\u0119czania prezent\u00f3w\u00a0<\/span><\/div><div dir=\"auto\" style=\"text-align: center;\"><span style=\"font-size: 14pt; color: #000000;\">Dzi\u0119kujemy \u015awi\u0119temu Miko\u0142ajowi za wizyt\u0119 i po\u015bwi\u0119cony czas.<\/span><\/div><div dir=\"auto\">\u00a0<\/div><div dir=\"auto\">\u00a0<\/div><div dir=\"auto\"><span style=\"color: #ff0000; font-size: 14pt;\"><strong>Zapraszamy do obejrzenia galerii zdj\u0119\u0107 i filmu w linkach poni\u017cej :<\/strong><\/span><\/div><div dir=\"auto\"><span style=\"color: #000000;\"><a style=\"color: #000000;\" href=\"https:\/\/photos.app.goo.gl\/2jiT4zCwmUgoeRvL6\">Zdj\u0119cie<\/a><\/span><\/div><div dir=\"auto\"><span style=\"color: #000000;\"><a style=\"color: #000000;\" href=\"https:\/\/www.facebook.com\/100086767966015\/videos\/pcb.832100576358867\/7785559ale=pl_PL\">Filmik &#8211; Morelek<\/a><\/span><\/div><div dir=\"auto\"><span style=\"color: #000000;\"><a style=\"color: #000000;\" href=\"https:\/\/www.facebook.com\/100086767966015\/videos\/pcb.832100576358867\/2675308656136625?locale=pl_PL\">Filmik &#8211; Cytrynek<\/a><\/span><\/div><div dir=\"auto\"><span style=\"color: #000000;\"><a style=\"color: #000000;\" href=\"https:\/\/www.facebook.com\/100086767966015\/videos\/pcb.832100576358867\/853758520390959?locale=pl_PL\">Filmik &#8211; \u015aliweczek<\/a><\/span><\/div><div dir=\"auto\"><span style=\"color: #000000;\"><a style=\"color: #000000;\" href=\"https:\/\/www.facebook.com\/100086767966015\/videos\/pcb.832100576358867\/875805268411579?locale=pl_PL\">Filmik &#8211; Malinek<\/a><\/span><\/div><div dir=\"auto\"><span style=\"color: #000000;\"><a style=\"color: #000000;\" href=\"https:\/\/www.facebook.com\/100086767966015\/videos\/pcb.832100576358867\/2321648638297889?locale=pl_PL\">Filmik &#8211; Wisienek<\/a><\/span><\/div><div dir=\"auto\"><span style=\"color: #000000;\"><a style=\"color: #000000;\" href=\"https:\/\/www.facebook.com\/100086767966015\/videos\/pcb.832100576358867\/2215387838987571?locale=pl_PL\">Filmik &#8211; Ananask\u00f3w<\/a><\/span><\/div><div dir=\"auto\">\u00a0<\/div><div dir=\"auto\">\u00a0<\/div>\t\t\t\t\t\t<\/div>\n\t\t\t\t<\/div>\n\t\t\t\t\t<\/div>\n\t\t\t\t<\/div>\n\t\t\t\t\t\t\t<\/div>\n\t\t","protected":false},"excerpt":{"rendered":"<p>Wizyta Miko\u0142aja !Pi\u0105tek w naszym przedszkolu zacz\u0105\u0142 si\u0119 wyj\u0105tkowo\u2026 Na korytarzu rozbrzmiewa\u0142y dzwoneczki, a to dlatego, \u017ce odwiedzi\u0142 nas d\u0142ugo wyczekiwany go\u015b\u0107 w czerwonym p\u0142aszczu.\u00a0Dzieci z wielk\u0105 rado\u015bci\u0105 i podekscytowaniem przywita\u0142y Miko\u0142aja, \u015bpiewaj\u0105c dla niego piosenki. Miko\u0142aj znalaz\u0142 chwil\u0119 dla ka\u017cdego dziecka \u2014 by\u0142y rozmowy, u\u015bciski i du\u017co u\u015bmiechu. Najwi\u0119cej &hellip;<\/p>\n","protected":false},"author":1,"featured_media":0,"comment_status":"closed","ping_status":"open","sticky":false,"template":"","format":"standard","meta":{"footnotes":""},"categories":[17],"tags":[],"class_list":["post-3801","post","type-post","status-publish","format-standard","hentry","category-aktualnosci"],"_links":{"self":[{"href":"https:\/\/przedszkole12nowasol.pl\/index.php?rest_route=\/wp\/v2\/posts\/3801","targetHints":{"allow":["GET"]}}],"collection":[{"href":"https:\/\/przedszkole12nowasol.pl\/index.php?rest_route=\/wp\/v2\/posts"}],"about":[{"href":"https:\/\/przedszkole12nowasol.pl\/index.php?rest_route=\/wp\/v2\/types\/post"}],"author":[{"embeddable":true,"href":"https:\/\/przedszkole12nowasol.pl\/index.php?rest_route=\/wp\/v2\/users\/1"}],"replies":[{"embeddable":true,"href":"https:\/\/przedszkole12nowasol.pl\/index.php?rest_route=%2Fwp%2Fv2%2Fcomments&post=3801"}],"version-history":[{"count":4,"href":"https:\/\/przedszkole12nowasol.pl\/index.php?rest_route=\/wp\/v2\/posts\/3801\/revisions"}],"predecessor-version":[{"id":3806,"href":"https:\/\/przedszkole12nowasol.pl\/index.php?rest_route=\/wp\/v2\/posts\/3801\/revisions\/3806"}],"wp:attachment":[{"href":"https:\/\/przedszkole12nowasol.pl\/index.php?rest_route=%2Fwp%2Fv2%2Fmedia&parent=3801"}],"wp:term":[{"taxonomy":"category","embeddable":true,"href":"https:\/\/przedszkole12nowasol.pl\/index.php?rest_route=%2Fwp%2Fv2%2Fcategories&post=3801"},{"taxonomy":"post_tag","embeddable":true,"href":"https:\/\/przedszkole12nowasol.pl\/index.php?rest_route=%2Fwp%2Fv2%2Ftags&post=3801"}],"curies":[{"name":"wp","href":"https:\/\/api.w.org\/{rel}","templated":true}]}}