{"id":613,"date":"2018-09-16T14:12:40","date_gmt":"2018-09-16T14:12:40","guid":{"rendered":"http:\/\/przedszkole12nowasol.pl\/?p=613"},"modified":"2018-09-16T14:18:40","modified_gmt":"2018-09-16T14:18:40","slug":"witamy-w-nowym-roku-szkolnym-i-na-naszej-stronie-internetowej","status":"publish","type":"post","link":"https:\/\/przedszkole12nowasol.pl\/?p=613","title":{"rendered":"Witamy w nowym roku szkolnym i na naszej stronie internetowej !\u00a0\u00a0"},"content":{"rendered":"<p><img fetchpriority=\"high\" decoding=\"async\" class=\"alignnone size-full wp-image-616\" src=\"http:\/\/przedszkole12nowasol.pl\/wp-content\/uploads\/2018\/09\/Teacher-Appreciation-Month.jpg\" alt=\"\" width=\"1920\" height=\"1080\" srcset=\"https:\/\/przedszkole12nowasol.pl\/wp-content\/uploads\/2018\/09\/Teacher-Appreciation-Month.jpg 1920w, https:\/\/przedszkole12nowasol.pl\/wp-content\/uploads\/2018\/09\/Teacher-Appreciation-Month-300x169.jpg 300w, https:\/\/przedszkole12nowasol.pl\/wp-content\/uploads\/2018\/09\/Teacher-Appreciation-Month-768x432.jpg 768w, https:\/\/przedszkole12nowasol.pl\/wp-content\/uploads\/2018\/09\/Teacher-Appreciation-Month-1024x576.jpg 1024w, https:\/\/przedszkole12nowasol.pl\/wp-content\/uploads\/2018\/09\/Teacher-Appreciation-Month-533x300.jpg 533w\" sizes=\"(max-width: 1920px) 100vw, 1920px\" \/><\/p>\n<p style=\"text-align: center;\"><strong>Witamy w nowym roku szkolnym i na naszej stronie internetowej !\u00a0\u00a0<\/strong><\/p>\n<p style=\"text-align: center;\"><strong>Wracamy do przedszkola! <\/strong><strong>&#x1f60a;<\/strong><\/p>\n<p>Mamy nadziej\u0119, \u017ce Wasze pociechy odpocz\u0119\u0142y w wakacje i wracaj\u0105 do nas w pe\u0142ni si\u0142. W nadchodz\u0105cym roku dzieci zdob\u0119d\u0105 nowe umiej\u0119tno\u015bci, wiedz\u0119 i do\u015bwiadczenie, lecz nie zabraknie czasu beztroskiej zabawy w gronie r\u00f3wie\u015bnik\u00f3w. Rodzic\u00f3w zach\u0119camy do owocnej wsp\u00f3\u0142pracy z plac\u00f3wk\u0105. Pami\u0119tajmy, \u017ce razem mo\u017cemy wi\u0119cej ! Mamy wsp\u00f3lny cel, kt\u00f3rym jest dobro naszych wychowank\u00f3w.<\/p>\n<p>Na stronie b\u0119dziemy zamieszcza\u0107 bie\u017c\u0105ce informacje z \u017cycia przedszkola i poszczeg\u00f3lnych grup, zdj\u0119cia wsp\u00f3lnych zabaw i obchodzonych uroczysto\u015bci. Ponadto informacje dotycz\u0105ce jad\u0142ospisu oraz artyku\u0142y naukowe.<\/p>\n<p style=\"text-align: right;\">Zapraszamy !<\/p>\n","protected":false},"excerpt":{"rendered":"<p>Witamy w nowym roku szkolnym i na naszej stronie internetowej !\u00a0\u00a0 Wracamy do przedszkola! &#x1f60a; Mamy nadziej\u0119, \u017ce Wasze pociechy odpocz\u0119\u0142y w wakacje i wracaj\u0105 do nas w pe\u0142ni si\u0142. W nadchodz\u0105cym roku dzieci zdob\u0119d\u0105 nowe umiej\u0119tno\u015bci, wiedz\u0119 i do\u015bwiadczenie, lecz nie zabraknie czasu beztroskiej zabawy w gronie r\u00f3wie\u015bnik\u00f3w. Rodzic\u00f3w &hellip;<\/p>\n","protected":false},"author":1,"featured_media":0,"comment_status":"closed","ping_status":"open","sticky":false,"template":"","format":"standard","meta":{"footnotes":""},"categories":[17],"tags":[],"class_list":["post-613","post","type-post","status-publish","format-standard","hentry","category-aktualnosci"],"_links":{"self":[{"href":"https:\/\/przedszkole12nowasol.pl\/index.php?rest_route=\/wp\/v2\/posts\/613","targetHints":{"allow":["GET"]}}],"collection":[{"href":"https:\/\/przedszkole12nowasol.pl\/index.php?rest_route=\/wp\/v2\/posts"}],"about":[{"href":"https:\/\/przedszkole12nowasol.pl\/index.php?rest_route=\/wp\/v2\/types\/post"}],"author":[{"embeddable":true,"href":"https:\/\/przedszkole12nowasol.pl\/index.php?rest_route=\/wp\/v2\/users\/1"}],"replies":[{"embeddable":true,"href":"https:\/\/przedszkole12nowasol.pl\/index.php?rest_route=%2Fwp%2Fv2%2Fcomments&post=613"}],"version-history":[{"count":3,"href":"https:\/\/przedszkole12nowasol.pl\/index.php?rest_route=\/wp\/v2\/posts\/613\/revisions"}],"predecessor-version":[{"id":617,"href":"https:\/\/przedszkole12nowasol.pl\/index.php?rest_route=\/wp\/v2\/posts\/613\/revisions\/617"}],"wp:attachment":[{"href":"https:\/\/przedszkole12nowasol.pl\/index.php?rest_route=%2Fwp%2Fv2%2Fmedia&parent=613"}],"wp:term":[{"taxonomy":"category","embeddable":true,"href":"https:\/\/przedszkole12nowasol.pl\/index.php?rest_route=%2Fwp%2Fv2%2Fcategories&post=613"},{"taxonomy":"post_tag","embeddable":true,"href":"https:\/\/przedszkole12nowasol.pl\/index.php?rest_route=%2Fwp%2Fv2%2Ftags&post=613"}],"curies":[{"name":"wp","href":"https:\/\/api.w.org\/{rel}","templated":true}]}}