{"id":767,"date":"2018-11-06T15:03:43","date_gmt":"2018-11-06T15:03:43","guid":{"rendered":"http:\/\/przedszkole12nowasol.pl\/?p=767"},"modified":"2018-11-06T15:03:43","modified_gmt":"2018-11-06T15:03:43","slug":"przedstawienie-brzydkie-kaczatko","status":"publish","type":"post","link":"https:\/\/przedszkole12nowasol.pl\/?p=767","title":{"rendered":"Przedstawienie &#8211; ,,Brzydkie kacz\u0105tko&#8221;"},"content":{"rendered":"<p><span style=\"font-size: 14pt;\"><img fetchpriority=\"high\" decoding=\"async\" class=\"alignnone size-full wp-image-768\" src=\"http:\/\/przedszkole12nowasol.pl\/wp-content\/uploads\/2018\/11\/DSC0574.jpg\" alt=\"\" width=\"3008\" height=\"2000\" srcset=\"https:\/\/przedszkole12nowasol.pl\/wp-content\/uploads\/2018\/11\/DSC0574.jpg 3008w, https:\/\/przedszkole12nowasol.pl\/wp-content\/uploads\/2018\/11\/DSC0574-300x199.jpg 300w, https:\/\/przedszkole12nowasol.pl\/wp-content\/uploads\/2018\/11\/DSC0574-768x511.jpg 768w, https:\/\/przedszkole12nowasol.pl\/wp-content\/uploads\/2018\/11\/DSC0574-1024x681.jpg 1024w, https:\/\/przedszkole12nowasol.pl\/wp-content\/uploads\/2018\/11\/DSC0574-451x300.jpg 451w\" sizes=\"(max-width: 3008px) 100vw, 3008px\" \/><\/span><\/p>\n<p><span style=\"font-size: 14pt;\">\u00a0\u00a0\u00a0\u00a0\u00a0\u00a0\u00a0\u00a0\u00a0\u00a0\u00a0 Dnia 31.10.2018r. odwiedzili nas specjalni go\u015bcie. Uczniowie klasy Ve Szko\u0142y Podstawowej nr 8 w Nowej Soli wraz z Paniami zawitali do nas ze swoim przedstawieniem pt. \u201dBrzydkie kacz\u0105tko\u201d. Na pocz\u0105tku zapoznali nas z tw\u00f3rczo\u015bci\u0105 Hansa Christiana Andersena \u2013 autora ba\u015bni, na podstawie kt\u00f3rej opiera\u0142 si\u0119 scenariusz przedstawienia. Nast\u0119pnie za spraw\u0105 gry aktorskiej, barwnych stroj\u00f3w, a tak\u017ce dekoracji przenie\u015bli\u015bmy si\u0119 wraz z nimi do ba\u015bniowego \u015bwiata i stali\u015bmy si\u0119 jego cz\u0142onkami. Poczucie humoru zawarte w scenariuszu sprawi\u0142o, \u017ce by\u0142 to czas pe\u0142en u\u015bmiechu i dobrej zabawy, a tak\u017ce wyj\u0105tkowy spos\u00f3b na prze\u017cycie znanej nam historii. M\u0142odzi aktorzy otrzymali od publiczno\u015bci gromkie brawa, a na koniec zrobili\u015bmy sobie pami\u0105tkowe zdj\u0119cia.<\/span><\/p>\n<p style=\"text-align: right;\"><span style=\"font-size: 14pt;\">Serdecznie dzi\u0119kujemy naszym Go\u015bciom za przybycie i wsp\u00f3lnie sp\u0119dzony czas!<\/span><\/p>\n<p><span style=\"font-size: 14pt;\"><strong>Zapraszamy do obejrzenia zdj\u0119\u0107 w galerii w linku poni\u017cej:<\/strong><\/span><\/p>\n<p><a href=\"https:\/\/photos.app.goo.gl\/uPfZmeJ6hcHRCosCA\">https:\/\/photos.app.goo.gl\/uPfZmeJ6hcHRCosCA<\/a><\/p>\n","protected":false},"excerpt":{"rendered":"<p>\u00a0\u00a0\u00a0\u00a0\u00a0\u00a0\u00a0\u00a0\u00a0\u00a0\u00a0 Dnia 31.10.2018r. odwiedzili nas specjalni go\u015bcie. Uczniowie klasy Ve Szko\u0142y Podstawowej nr 8 w Nowej Soli wraz z Paniami zawitali do nas ze swoim przedstawieniem pt. \u201dBrzydkie kacz\u0105tko\u201d. Na pocz\u0105tku zapoznali nas z tw\u00f3rczo\u015bci\u0105 Hansa Christiana Andersena \u2013 autora ba\u015bni, na podstawie kt\u00f3rej opiera\u0142 si\u0119 scenariusz przedstawienia. Nast\u0119pnie za &hellip;<\/p>\n","protected":false},"author":1,"featured_media":0,"comment_status":"closed","ping_status":"open","sticky":false,"template":"","format":"standard","meta":{"footnotes":""},"categories":[17],"tags":[],"class_list":["post-767","post","type-post","status-publish","format-standard","hentry","category-aktualnosci"],"_links":{"self":[{"href":"https:\/\/przedszkole12nowasol.pl\/index.php?rest_route=\/wp\/v2\/posts\/767","targetHints":{"allow":["GET"]}}],"collection":[{"href":"https:\/\/przedszkole12nowasol.pl\/index.php?rest_route=\/wp\/v2\/posts"}],"about":[{"href":"https:\/\/przedszkole12nowasol.pl\/index.php?rest_route=\/wp\/v2\/types\/post"}],"author":[{"embeddable":true,"href":"https:\/\/przedszkole12nowasol.pl\/index.php?rest_route=\/wp\/v2\/users\/1"}],"replies":[{"embeddable":true,"href":"https:\/\/przedszkole12nowasol.pl\/index.php?rest_route=%2Fwp%2Fv2%2Fcomments&post=767"}],"version-history":[{"count":1,"href":"https:\/\/przedszkole12nowasol.pl\/index.php?rest_route=\/wp\/v2\/posts\/767\/revisions"}],"predecessor-version":[{"id":769,"href":"https:\/\/przedszkole12nowasol.pl\/index.php?rest_route=\/wp\/v2\/posts\/767\/revisions\/769"}],"wp:attachment":[{"href":"https:\/\/przedszkole12nowasol.pl\/index.php?rest_route=%2Fwp%2Fv2%2Fmedia&parent=767"}],"wp:term":[{"taxonomy":"category","embeddable":true,"href":"https:\/\/przedszkole12nowasol.pl\/index.php?rest_route=%2Fwp%2Fv2%2Fcategories&post=767"},{"taxonomy":"post_tag","embeddable":true,"href":"https:\/\/przedszkole12nowasol.pl\/index.php?rest_route=%2Fwp%2Fv2%2Ftags&post=767"}],"curies":[{"name":"wp","href":"https:\/\/api.w.org\/{rel}","templated":true}]}}