{"id":781,"date":"2018-11-10T09:51:31","date_gmt":"2018-11-10T09:51:31","guid":{"rendered":"http:\/\/przedszkole12nowasol.pl\/?p=781"},"modified":"2018-11-10T09:51:31","modified_gmt":"2018-11-10T09:51:31","slug":"bohaterom-wlacz-historie-pokaz-ze-pamietasz-o-powstancach-warszawskich-3","status":"publish","type":"post","link":"https:\/\/przedszkole12nowasol.pl\/?p=781","title":{"rendered":",, BOHATEROM &#8211; w\u0142\u0105cz histori\u0119. Poka\u017c, \u017ce pami\u0119tasz o Powsta\u0144cach Warszawskich\u201d"},"content":{"rendered":"<p><img fetchpriority=\"high\" decoding=\"async\" class=\"size-full wp-image-782\" src=\"http:\/\/przedszkole12nowasol.pl\/wp-content\/uploads\/2018\/11\/IMG_20181010_140133.jpg\" alt=\"\" width=\"2304\" height=\"1728\" srcset=\"https:\/\/przedszkole12nowasol.pl\/wp-content\/uploads\/2018\/11\/IMG_20181010_140133.jpg 2304w, https:\/\/przedszkole12nowasol.pl\/wp-content\/uploads\/2018\/11\/IMG_20181010_140133-300x225.jpg 300w, https:\/\/przedszkole12nowasol.pl\/wp-content\/uploads\/2018\/11\/IMG_20181010_140133-768x576.jpg 768w, https:\/\/przedszkole12nowasol.pl\/wp-content\/uploads\/2018\/11\/IMG_20181010_140133-1024x768.jpg 1024w, https:\/\/przedszkole12nowasol.pl\/wp-content\/uploads\/2018\/11\/IMG_20181010_140133-400x300.jpg 400w\" sizes=\"(max-width: 2304px) 100vw, 2304px\" \/><\/p>\n<p><span style=\"font-size: 14pt;\">\u00a0 \u00a0W miesi\u0105cu pa\u017adzierniku dzieci z grupy ,,BIEDRONEK\u201d bra\u0142y udzia\u0142 w Og\u00f3lnopolskiej akcji ,, Bohaterom w\u0142\u0105cz histori\u0119. Poka\u017c, \u017ce pami\u0119tasz o Powsta\u0144cach Warszawskich\u201d . Dzieci zosta\u0142y zg\u0142oszone do udzia\u0142u w akcji \u2013 od organizator\u00f3w otrzymali\u015bmy 50 kartek. Wsp\u00f3lnie ustalili\u015bmy tre\u015b\u0107 \u017cycze\u0144, a nast\u0119pnie dzieci samodzielnie dekorowa\u0142y kartki. Powsta\u0142y na nich bardzo \u0142adne i osobiste \u017cyczenia w postaci rysunk\u00f3w, Kartki zosta\u0142y zaadresowane do konkretnych Powsta\u0144c\u00f3w Warszawskich i przes\u0142ane na adres fundacji, kt\u00f3ra to zajmie si\u0119 dostarczeniem kartek do adresat\u00f3w.<\/span><\/p>\n<p><span style=\"font-size: 14pt;\"><strong>Zapraszamy do obejrzenia zdj\u0119\u0107 w galerii w linku poni\u017cej:<\/strong><\/span><\/p>\n<p><a href=\"https:\/\/photos.app.goo.gl\/HxzkNoCSe9DL4JgMA\">https:\/\/photos.app.goo.gl\/HxzkNoCSe9DL4JgMA<\/a><\/p>\n","protected":false},"excerpt":{"rendered":"<p>\u00a0 \u00a0W miesi\u0105cu pa\u017adzierniku dzieci z grupy ,,BIEDRONEK\u201d bra\u0142y udzia\u0142 w Og\u00f3lnopolskiej akcji ,, Bohaterom w\u0142\u0105cz histori\u0119. Poka\u017c, \u017ce pami\u0119tasz o Powsta\u0144cach Warszawskich\u201d . Dzieci zosta\u0142y zg\u0142oszone do udzia\u0142u w akcji \u2013 od organizator\u00f3w otrzymali\u015bmy 50 kartek. Wsp\u00f3lnie ustalili\u015bmy tre\u015b\u0107 \u017cycze\u0144, a nast\u0119pnie dzieci samodzielnie dekorowa\u0142y kartki. Powsta\u0142y na nich &hellip;<\/p>\n","protected":false},"author":1,"featured_media":0,"comment_status":"closed","ping_status":"open","sticky":false,"template":"","format":"standard","meta":{"footnotes":""},"categories":[17],"tags":[],"class_list":["post-781","post","type-post","status-publish","format-standard","hentry","category-aktualnosci"],"_links":{"self":[{"href":"https:\/\/przedszkole12nowasol.pl\/index.php?rest_route=\/wp\/v2\/posts\/781","targetHints":{"allow":["GET"]}}],"collection":[{"href":"https:\/\/przedszkole12nowasol.pl\/index.php?rest_route=\/wp\/v2\/posts"}],"about":[{"href":"https:\/\/przedszkole12nowasol.pl\/index.php?rest_route=\/wp\/v2\/types\/post"}],"author":[{"embeddable":true,"href":"https:\/\/przedszkole12nowasol.pl\/index.php?rest_route=\/wp\/v2\/users\/1"}],"replies":[{"embeddable":true,"href":"https:\/\/przedszkole12nowasol.pl\/index.php?rest_route=%2Fwp%2Fv2%2Fcomments&post=781"}],"version-history":[{"count":1,"href":"https:\/\/przedszkole12nowasol.pl\/index.php?rest_route=\/wp\/v2\/posts\/781\/revisions"}],"predecessor-version":[{"id":783,"href":"https:\/\/przedszkole12nowasol.pl\/index.php?rest_route=\/wp\/v2\/posts\/781\/revisions\/783"}],"wp:attachment":[{"href":"https:\/\/przedszkole12nowasol.pl\/index.php?rest_route=%2Fwp%2Fv2%2Fmedia&parent=781"}],"wp:term":[{"taxonomy":"category","embeddable":true,"href":"https:\/\/przedszkole12nowasol.pl\/index.php?rest_route=%2Fwp%2Fv2%2Fcategories&post=781"},{"taxonomy":"post_tag","embeddable":true,"href":"https:\/\/przedszkole12nowasol.pl\/index.php?rest_route=%2Fwp%2Fv2%2Ftags&post=781"}],"curies":[{"name":"wp","href":"https:\/\/api.w.org\/{rel}","templated":true}]}}